{"id":5668,"date":"2019-10-30T12:05:21","date_gmt":"2019-10-30T18:05:21","guid":{"rendered":"https:\/\/www.unaq.edu.mx\/?p=5668"},"modified":"2019-10-30T12:05:21","modified_gmt":"2019-10-30T18:05:21","slug":"unaq-y-aiq-celebran-aniversario-con-la-carrera-aerorunning","status":"publish","type":"post","link":"https:\/\/www.unaq.edu.mx\/en\/noticias\/unaq-y-aiq-celebran-aniversario-con-la-carrera-aerorunning\/","title":{"rendered":"UNAQ y AIQ celebran aniversario con la carrera \u201cAerorunning\u201d"},"content":{"rendered":"<p>Quer\u00e9taro, Qro. 30 de Octubre del 2019<\/p>\n<p>El 24 de noviembre se realizar\u00e1 la segunda edici\u00f3n de la carrera atl\u00e9tica Aerorunning, evento organizado en el marco del aniversario del Aeropuerto Intercontinental de Quer\u00e9taro (AIQ) y la Universidad Aeron\u00e1utica en Quer\u00e9taro (UNAQ), instituciones que celebrar\u00e1n XV y XII a\u00f1os de haber iniciado actividades.<\/p>\n<p>En rueda de prensa encabezada por el rector de la UNAQ, Jorge Guti\u00e9rrez de Velasco Rodr\u00edguez y el director gen<span class=\"text_exposed_show\">eral del AIQ, Jes\u00fas Arredondo Vel\u00e1zquez, se dieron a conocer los detalles de esta gran fiesta atl\u00e9tica, cuya edici\u00f3n ser\u00e1 \u201cuna carrera de colores\u201d. <\/span><\/p>\n<div class=\"text_exposed_show\">\n<p>El aeropuerto y la universidad mantienen una estrecha relaci\u00f3n, debido al liderazgo que representan para el sector aeron\u00e1utico, mismo que ha impulsado el desarrollo econ\u00f3mico en Quer\u00e9taro.<\/p>\n<p>La carrera iniciar\u00e1 a las 08:00 de la ma\u00f1ana en las instalaciones de la UNAQ, se espera contar con la participaci\u00f3n de al menos dos mil corredores.<\/p>\n<p>Los participantes podr\u00e1n correr 3, 5, 10 o 15 kil\u00f3metros, teniendo como escenario la carretera estatal 200 para que los asistentes a esta carrera puedan tener una experiencia aeron\u00e1utica.<\/p>\n<p>Los puntos de venta para los boletos son en las instalaciones de la universidad, el aeropuerto, Innova Sport y Nada-Rueda-Corre; las inscripciones se realizan a trav\u00e9s de la liga: <a href=\"https:\/\/l.facebook.com\/l.php?u=https%3A%2F%2Fbit.ly%2F2ONxfb0%3Ffbclid%3DIwAR0W6ZHq3IiPSaNXPVet8kPzpTBHKCV3aLUpX_jfgIaetpGfcqjA4WH3pXc&amp;h=AT33D088Xs_uOpUZfIVYp_IMTSIAjegVpERWLb5UGdYGWrRSqDB1O1Mf-mOqGiYiZ8zr_MWP3RxcOgKCBd2qt6TyRNsj3i9GN7pI73H4SGqU_53vfBKP3izv45EhaZpNzQw4rK6fK07XSdQXE9gHFQVtQg3_so1SNs8_JaycPogmVx96he67AThhBmrXVkygZ6ETOk-6CSm4Mw5SRFbrpw8zQ_BjGMccamjTAjN-VenMLTtDyD_JTzXt-b8dFVVdZzorQhAwODJq6wh-cRQYHBOH4QMJbbj_a8O8mjpFyG_vv0hUZkJ4hXNFwDHwo17RfalW6JgPyF6OJCDrzFnT4HTwxONTRphFYeCdwxOLeI0ZyQo1C-WdjbrF1UvVlLsPT9U3txU4BI8CDdjm3ylAIlCutE7KkBjEu9uwTz4BPh6L1npVWy7HIMpvZfrJkZVRuTRsHTpJ34JGxENrP9GkqiId9yWzvO5KVn6kEnxTYTiP53F49wqMSWNx3TC0g9kToKPEk0zBOsXc7mrOOuLEQr0Tm5i1nhQzfiaiwTgTjwhm4c8zTUVsZgLh54_koUzW5wj7iO4_Xf80OUvSKPn1ZouWaQ_poczzGFcFbSsHdeB6oVbSgmegjR2kuq5Q_nyhq5FIUqQLZ2mkRw\" target=\"_blank\" rel=\"noopener nofollow noreferrer\" data-ft=\"{&quot;tn&quot;:&quot;-U&quot;}\" data-lynx-mode=\"origin\">http:\/\/bit.ly\/2ONxfb0<\/a>, a la cual podr\u00e1n tener acceso hasta el pr\u00f3ximo viernes 22 de noviembre a las 16:00 horas.<\/p>\n<p>La entrega de paquetes ser\u00e1 el s\u00e1bado 23 de noviembre en las instalaciones de la UNAQ en un horario de 09:00 a 15:00 horas, tiempo en que los participantes tendr\u00e1n una \u00faltima oportunidad para inscribirse. <a class=\"_58cn\" href=\"https:\/\/www.facebook.com\/hashtag\/m%C3%A1squecorrervolamosjuntos?source=feed_text&amp;epa=HASHTAG&amp;__xts__%5B0%5D=68.ARBD94K6PRIf8gsbyrIxsvk78dVNSOw0krA5gtp9WhXi6SEqCTpCQH9hmLril_XQlrbVNLqDAnI5Xtkzjizh1WBp3I9mc-fj9J11plyXBsTM-6N9RxG8GJWgxerSbXUSRWrdCTghEFaU3udtvxOj-dvNugVgN4wNsQnGQ15mRIDZZhvdZkmdY-0oFIuCLRlnsupmIVs_LzhiTKCM7kefd5OUfJu7r2GBcWIN8mcR9hq2XBwQT6cQCqT6QvvJXsKvmR-fsmLwvhD_YLMZQuZJ7vBWIuv4EWMP045P14Y2hZ0BLiz-qrwL3f-QPm0rGbik9yCJdVDrxh2DkppX-SGUFcmfDA&amp;__tn__=%2ANK-R\" data-ft=\"{&quot;type&quot;:104,&quot;tn&quot;:&quot;*N&quot;}\"><span class=\"_5afx\"><span class=\"_58cl _5afz\" aria-label=\"hashtag\">#<\/span><span class=\"_58cm\">M\u00e1sQueCorrerVolamosJuntos<\/span><\/span><\/a> <span class=\"_5mfr\"><span class=\"_6qdm\">\ud83c\udfc3\u200d\u2642\ufe0f<\/span><\/span><span class=\"_5mfr\"><span class=\"_6qdm\">\ud83c\udfc3\u200d\u2640\ufe0f<\/span><\/span><span class=\"_5mfr\"><span class=\"_6qdm\">\u2708\ufe0f<\/span><\/span><\/p>\n<\/div>","protected":false},"excerpt":{"rendered":"<p>Quer\u00e9taro, Qro. 30 de Octubre del 2019 El 24 de noviembre se realizar\u00e1 la segunda edici\u00f3n de la carrera atl\u00e9tica Aerorunning, evento organizado en el marco del aniversario del Aeropuerto Intercontinental de Quer\u00e9taro (AIQ) y la Universidad Aeron\u00e1utica en Quer\u00e9taro (UNAQ), instituciones que celebrar\u00e1n XV y XII a\u00f1os de haber iniciado actividades. En rueda de [&hellip;]<\/p>\n","protected":false},"author":1,"featured_media":5675,"comment_status":"closed","ping_status":"closed","sticky":false,"template":"","format":"standard","meta":{"footnotes":""},"categories":[3],"tags":[],"class_list":["post-5668","post","type-post","status-publish","format-standard","has-post-thumbnail","hentry","category-noticias"],"yoast_head":"<!-- This site is optimized with the Yoast SEO plugin v28.3 - https:\/\/yoast.com\/product\/yoast-seo-wordpress\/ -->\n<title>UNAQ y AIQ celebran aniversario con la carrera \u201cAerorunning\u201d - UNAQ - Universidad Aeron&aacute;utica en Quer&eacute;taro<\/title>\n<meta name=\"robots\" content=\"index, follow, max-snippet:-1, max-image-preview:large, max-video-preview:-1\" \/>\n<link rel=\"canonical\" href=\"https:\/\/www.unaq.edu.mx\/en\/noticias\/unaq-y-aiq-celebran-aniversario-con-la-carrera-aerorunning\/\" \/>\n<meta property=\"og:locale\" content=\"en_US\" \/>\n<meta property=\"og:type\" content=\"article\" \/>\n<meta property=\"og:title\" content=\"UNAQ y AIQ celebran aniversario con la carrera \u201cAerorunning\u201d - UNAQ - Universidad Aeron&aacute;utica en Quer&eacute;taro\" \/>\n<meta property=\"og:description\" content=\"Quer\u00e9taro, Qro. 30 de Octubre del 2019 El 24 de noviembre se realizar\u00e1 la segunda edici\u00f3n de la carrera atl\u00e9tica Aerorunning, evento organizado en el marco del aniversario del Aeropuerto Intercontinental de Quer\u00e9taro (AIQ) y la Universidad Aeron\u00e1utica en Quer\u00e9taro (UNAQ), instituciones que celebrar\u00e1n XV y XII a\u00f1os de haber iniciado actividades. En rueda de [&hellip;]\" \/>\n<meta property=\"og:url\" content=\"https:\/\/www.unaq.edu.mx\/en\/noticias\/unaq-y-aiq-celebran-aniversario-con-la-carrera-aerorunning\/\" \/>\n<meta property=\"og:site_name\" content=\"UNAQ - Universidad Aeron&aacute;utica en Quer&eacute;taro\" \/>\n<meta property=\"article:publisher\" content=\"https:\/\/www.facebook.com\/UNAQMX\/\" \/>\n<meta property=\"article:published_time\" content=\"2019-10-30T18:05:21+00:00\" \/>\n<meta name=\"author\" content=\"admin\" \/>\n<meta name=\"twitter:card\" content=\"summary_large_image\" \/>\n<meta name=\"twitter:creator\" content=\"@UNAQmx\" \/>\n<meta name=\"twitter:site\" content=\"@UNAQmx\" \/>\n<meta name=\"twitter:label1\" content=\"Written by\" \/>\n\t<meta name=\"twitter:data1\" content=\"admin\" \/>\n\t<meta name=\"twitter:label2\" content=\"Est. reading time\" \/>\n\t<meta name=\"twitter:data2\" content=\"1 minute\" \/>\n<script type=\"application\/ld+json\" class=\"yoast-schema-graph\">{\"@context\":\"https:\\\/\\\/schema.org\",\"@graph\":[{\"@type\":\"Article\",\"@id\":\"https:\\\/\\\/www.unaq.edu.mx\\\/noticias\\\/unaq-y-aiq-celebran-aniversario-con-la-carrera-aerorunning\\\/#article\",\"isPartOf\":{\"@id\":\"https:\\\/\\\/www.unaq.edu.mx\\\/noticias\\\/unaq-y-aiq-celebran-aniversario-con-la-carrera-aerorunning\\\/\"},\"author\":{\"name\":\"admin\",\"@id\":\"https:\\\/\\\/www.unaq.edu.mx\\\/#\\\/schema\\\/person\\\/24f098aa1760e7c165d176625485f080\"},\"headline\":\"UNAQ y AIQ celebran aniversario con la carrera \u201cAerorunning\u201d\",\"datePublished\":\"2019-10-30T18:05:21+00:00\",\"mainEntityOfPage\":{\"@id\":\"https:\\\/\\\/www.unaq.edu.mx\\\/noticias\\\/unaq-y-aiq-celebran-aniversario-con-la-carrera-aerorunning\\\/\"},\"wordCount\":288,\"publisher\":{\"@id\":\"https:\\\/\\\/www.unaq.edu.mx\\\/#organization\"},\"image\":{\"@id\":\"https:\\\/\\\/www.unaq.edu.mx\\\/noticias\\\/unaq-y-aiq-celebran-aniversario-con-la-carrera-aerorunning\\\/#primaryimage\"},\"thumbnailUrl\":\"\",\"articleSection\":[\"Noticias\"],\"inLanguage\":\"en-US\"},{\"@type\":\"WebPage\",\"@id\":\"https:\\\/\\\/www.unaq.edu.mx\\\/noticias\\\/unaq-y-aiq-celebran-aniversario-con-la-carrera-aerorunning\\\/\",\"url\":\"https:\\\/\\\/www.unaq.edu.mx\\\/noticias\\\/unaq-y-aiq-celebran-aniversario-con-la-carrera-aerorunning\\\/\",\"name\":\"UNAQ y AIQ celebran aniversario con la carrera \u201cAerorunning\u201d - UNAQ - Universidad Aeron&aacute;utica en Quer&eacute;taro\",\"isPartOf\":{\"@id\":\"https:\\\/\\\/www.unaq.edu.mx\\\/#website\"},\"primaryImageOfPage\":{\"@id\":\"https:\\\/\\\/www.unaq.edu.mx\\\/noticias\\\/unaq-y-aiq-celebran-aniversario-con-la-carrera-aerorunning\\\/#primaryimage\"},\"image\":{\"@id\":\"https:\\\/\\\/www.unaq.edu.mx\\\/noticias\\\/unaq-y-aiq-celebran-aniversario-con-la-carrera-aerorunning\\\/#primaryimage\"},\"thumbnailUrl\":\"\",\"datePublished\":\"2019-10-30T18:05:21+00:00\",\"breadcrumb\":{\"@id\":\"https:\\\/\\\/www.unaq.edu.mx\\\/noticias\\\/unaq-y-aiq-celebran-aniversario-con-la-carrera-aerorunning\\\/#breadcrumb\"},\"inLanguage\":\"en-US\",\"potentialAction\":[{\"@type\":\"ReadAction\",\"target\":[\"https:\\\/\\\/www.unaq.edu.mx\\\/noticias\\\/unaq-y-aiq-celebran-aniversario-con-la-carrera-aerorunning\\\/\"]}]},{\"@type\":\"ImageObject\",\"inLanguage\":\"en-US\",\"@id\":\"https:\\\/\\\/www.unaq.edu.mx\\\/noticias\\\/unaq-y-aiq-celebran-aniversario-con-la-carrera-aerorunning\\\/#primaryimage\",\"url\":\"\",\"contentUrl\":\"\"},{\"@type\":\"BreadcrumbList\",\"@id\":\"https:\\\/\\\/www.unaq.edu.mx\\\/noticias\\\/unaq-y-aiq-celebran-aniversario-con-la-carrera-aerorunning\\\/#breadcrumb\",\"itemListElement\":[{\"@type\":\"ListItem\",\"position\":1,\"name\":\"Portada\",\"item\":\"https:\\\/\\\/www.unaq.edu.mx\\\/\"},{\"@type\":\"ListItem\",\"position\":2,\"name\":\"UNAQ y AIQ celebran aniversario con la carrera \u201cAerorunning\u201d\"}]},{\"@type\":\"WebSite\",\"@id\":\"https:\\\/\\\/www.unaq.edu.mx\\\/#website\",\"url\":\"https:\\\/\\\/www.unaq.edu.mx\\\/\",\"name\":\"UNAQ - Universidad Aeron\u00e1utica en Quer\u00e9taro\",\"description\":\"Formamos profesionales e investigadores para el sector aeron&aacute;utico, con valores, conocimientos, competencias y reconocimiento nacional e internacional, basado en un modelo educativo abierto, flexible, pertinente y estrechamente vinculado, para el desarrollo social, econ&oacute;mico y cultural de M&eacute;xico.\",\"publisher\":{\"@id\":\"https:\\\/\\\/www.unaq.edu.mx\\\/#organization\"},\"potentialAction\":[{\"@type\":\"SearchAction\",\"target\":{\"@type\":\"EntryPoint\",\"urlTemplate\":\"https:\\\/\\\/www.unaq.edu.mx\\\/?s={search_term_string}\"},\"query-input\":{\"@type\":\"PropertyValueSpecification\",\"valueRequired\":true,\"valueName\":\"search_term_string\"}}],\"inLanguage\":\"en-US\"},{\"@type\":\"Organization\",\"@id\":\"https:\\\/\\\/www.unaq.edu.mx\\\/#organization\",\"name\":\"Universidad Aeron\u00e1utica en Quer\u00e9taro\",\"url\":\"https:\\\/\\\/www.unaq.edu.mx\\\/\",\"logo\":{\"@type\":\"ImageObject\",\"inLanguage\":\"en-US\",\"@id\":\"https:\\\/\\\/www.unaq.edu.mx\\\/#\\\/schema\\\/logo\\\/image\\\/\",\"url\":\"https:\\\/\\\/www.unaq.edu.mx\\\/wp-content\\\/uploads\\\/2022\\\/04\\\/Logo_UNAQ.png\",\"contentUrl\":\"https:\\\/\\\/www.unaq.edu.mx\\\/wp-content\\\/uploads\\\/2022\\\/04\\\/Logo_UNAQ.png\",\"width\":648,\"height\":284,\"caption\":\"Universidad Aeron\u00e1utica en Quer\u00e9taro\"},\"image\":{\"@id\":\"https:\\\/\\\/www.unaq.edu.mx\\\/#\\\/schema\\\/logo\\\/image\\\/\"},\"sameAs\":[\"https:\\\/\\\/www.facebook.com\\\/UNAQMX\\\/\",\"https:\\\/\\\/x.com\\\/UNAQmx\",\"https:\\\/\\\/www.linkedin.com\\\/company\\\/unaq\",\"https:\\\/\\\/www.youtube.com\\\/user\\\/UNAQMX\"]},{\"@type\":\"Person\",\"@id\":\"https:\\\/\\\/www.unaq.edu.mx\\\/#\\\/schema\\\/person\\\/24f098aa1760e7c165d176625485f080\",\"name\":\"admin\",\"sameAs\":[\"https:\\\/\\\/www.unaq.edu.mx\"],\"url\":\"https:\\\/\\\/www.unaq.edu.mx\\\/en\\\/author\\\/admin\\\/\"}]}<\/script>\n<!-- \/ Yoast SEO plugin. -->","yoast_head_json":{"title":"UNAQ y AIQ celebran aniversario con la carrera \u201cAerorunning\u201d - UNAQ - Universidad Aeron&aacute;utica en Quer&eacute;taro","robots":{"index":"index","follow":"follow","max-snippet":"max-snippet:-1","max-image-preview":"max-image-preview:large","max-video-preview":"max-video-preview:-1"},"canonical":"https:\/\/www.unaq.edu.mx\/en\/noticias\/unaq-y-aiq-celebran-aniversario-con-la-carrera-aerorunning\/","og_locale":"en_US","og_type":"article","og_title":"UNAQ y AIQ celebran aniversario con la carrera \u201cAerorunning\u201d - UNAQ - Universidad Aeron&aacute;utica en Quer&eacute;taro","og_description":"Quer\u00e9taro, Qro. 30 de Octubre del 2019 El 24 de noviembre se realizar\u00e1 la segunda edici\u00f3n de la carrera atl\u00e9tica Aerorunning, evento organizado en el marco del aniversario del Aeropuerto Intercontinental de Quer\u00e9taro (AIQ) y la Universidad Aeron\u00e1utica en Quer\u00e9taro (UNAQ), instituciones que celebrar\u00e1n XV y XII a\u00f1os de haber iniciado actividades. En rueda de [&hellip;]","og_url":"https:\/\/www.unaq.edu.mx\/en\/noticias\/unaq-y-aiq-celebran-aniversario-con-la-carrera-aerorunning\/","og_site_name":"UNAQ - Universidad Aeron&aacute;utica en Quer&eacute;taro","article_publisher":"https:\/\/www.facebook.com\/UNAQMX\/","article_published_time":"2019-10-30T18:05:21+00:00","author":"admin","twitter_card":"summary_large_image","twitter_creator":"@UNAQmx","twitter_site":"@UNAQmx","twitter_misc":{"Written by":"admin","Est. reading time":"1 minute"},"schema":{"@context":"https:\/\/schema.org","@graph":[{"@type":"Article","@id":"https:\/\/www.unaq.edu.mx\/noticias\/unaq-y-aiq-celebran-aniversario-con-la-carrera-aerorunning\/#article","isPartOf":{"@id":"https:\/\/www.unaq.edu.mx\/noticias\/unaq-y-aiq-celebran-aniversario-con-la-carrera-aerorunning\/"},"author":{"name":"admin","@id":"https:\/\/www.unaq.edu.mx\/#\/schema\/person\/24f098aa1760e7c165d176625485f080"},"headline":"UNAQ y AIQ celebran aniversario con la carrera \u201cAerorunning\u201d","datePublished":"2019-10-30T18:05:21+00:00","mainEntityOfPage":{"@id":"https:\/\/www.unaq.edu.mx\/noticias\/unaq-y-aiq-celebran-aniversario-con-la-carrera-aerorunning\/"},"wordCount":288,"publisher":{"@id":"https:\/\/www.unaq.edu.mx\/#organization"},"image":{"@id":"https:\/\/www.unaq.edu.mx\/noticias\/unaq-y-aiq-celebran-aniversario-con-la-carrera-aerorunning\/#primaryimage"},"thumbnailUrl":"","articleSection":["Noticias"],"inLanguage":"en-US"},{"@type":"WebPage","@id":"https:\/\/www.unaq.edu.mx\/noticias\/unaq-y-aiq-celebran-aniversario-con-la-carrera-aerorunning\/","url":"https:\/\/www.unaq.edu.mx\/noticias\/unaq-y-aiq-celebran-aniversario-con-la-carrera-aerorunning\/","name":"UNAQ y AIQ celebran aniversario con la carrera \u201cAerorunning\u201d - UNAQ - Universidad Aeron&aacute;utica en Quer&eacute;taro","isPartOf":{"@id":"https:\/\/www.unaq.edu.mx\/#website"},"primaryImageOfPage":{"@id":"https:\/\/www.unaq.edu.mx\/noticias\/unaq-y-aiq-celebran-aniversario-con-la-carrera-aerorunning\/#primaryimage"},"image":{"@id":"https:\/\/www.unaq.edu.mx\/noticias\/unaq-y-aiq-celebran-aniversario-con-la-carrera-aerorunning\/#primaryimage"},"thumbnailUrl":"","datePublished":"2019-10-30T18:05:21+00:00","breadcrumb":{"@id":"https:\/\/www.unaq.edu.mx\/noticias\/unaq-y-aiq-celebran-aniversario-con-la-carrera-aerorunning\/#breadcrumb"},"inLanguage":"en-US","potentialAction":[{"@type":"ReadAction","target":["https:\/\/www.unaq.edu.mx\/noticias\/unaq-y-aiq-celebran-aniversario-con-la-carrera-aerorunning\/"]}]},{"@type":"ImageObject","inLanguage":"en-US","@id":"https:\/\/www.unaq.edu.mx\/noticias\/unaq-y-aiq-celebran-aniversario-con-la-carrera-aerorunning\/#primaryimage","url":"","contentUrl":""},{"@type":"BreadcrumbList","@id":"https:\/\/www.unaq.edu.mx\/noticias\/unaq-y-aiq-celebran-aniversario-con-la-carrera-aerorunning\/#breadcrumb","itemListElement":[{"@type":"ListItem","position":1,"name":"Portada","item":"https:\/\/www.unaq.edu.mx\/"},{"@type":"ListItem","position":2,"name":"UNAQ y AIQ celebran aniversario con la carrera \u201cAerorunning\u201d"}]},{"@type":"WebSite","@id":"https:\/\/www.unaq.edu.mx\/#website","url":"https:\/\/www.unaq.edu.mx\/","name":"UNAQ - Universidad Aeron\u00e1utica en Quer\u00e9taro","description":"Formamos profesionales e investigadores para el sector aeron&aacute;utico, con valores, conocimientos, competencias y reconocimiento nacional e internacional, basado en un modelo educativo abierto, flexible, pertinente y estrechamente vinculado, para el desarrollo social, econ&oacute;mico y cultural de M&eacute;xico.","publisher":{"@id":"https:\/\/www.unaq.edu.mx\/#organization"},"potentialAction":[{"@type":"SearchAction","target":{"@type":"EntryPoint","urlTemplate":"https:\/\/www.unaq.edu.mx\/?s={search_term_string}"},"query-input":{"@type":"PropertyValueSpecification","valueRequired":true,"valueName":"search_term_string"}}],"inLanguage":"en-US"},{"@type":"Organization","@id":"https:\/\/www.unaq.edu.mx\/#organization","name":"Universidad Aeron\u00e1utica en Quer\u00e9taro","url":"https:\/\/www.unaq.edu.mx\/","logo":{"@type":"ImageObject","inLanguage":"en-US","@id":"https:\/\/www.unaq.edu.mx\/#\/schema\/logo\/image\/","url":"https:\/\/www.unaq.edu.mx\/wp-content\/uploads\/2022\/04\/Logo_UNAQ.png","contentUrl":"https:\/\/www.unaq.edu.mx\/wp-content\/uploads\/2022\/04\/Logo_UNAQ.png","width":648,"height":284,"caption":"Universidad Aeron\u00e1utica en Quer\u00e9taro"},"image":{"@id":"https:\/\/www.unaq.edu.mx\/#\/schema\/logo\/image\/"},"sameAs":["https:\/\/www.facebook.com\/UNAQMX\/","https:\/\/x.com\/UNAQmx","https:\/\/www.linkedin.com\/company\/unaq","https:\/\/www.youtube.com\/user\/UNAQMX"]},{"@type":"Person","@id":"https:\/\/www.unaq.edu.mx\/#\/schema\/person\/24f098aa1760e7c165d176625485f080","name":"admin","sameAs":["https:\/\/www.unaq.edu.mx"],"url":"https:\/\/www.unaq.edu.mx\/en\/author\/admin\/"}]}},"_links":{"self":[{"href":"https:\/\/www.unaq.edu.mx\/en\/wp-json\/wp\/v2\/posts\/5668","targetHints":{"allow":["GET"]}}],"collection":[{"href":"https:\/\/www.unaq.edu.mx\/en\/wp-json\/wp\/v2\/posts"}],"about":[{"href":"https:\/\/www.unaq.edu.mx\/en\/wp-json\/wp\/v2\/types\/post"}],"author":[{"embeddable":true,"href":"https:\/\/www.unaq.edu.mx\/en\/wp-json\/wp\/v2\/users\/1"}],"replies":[{"embeddable":true,"href":"https:\/\/www.unaq.edu.mx\/en\/wp-json\/wp\/v2\/comments?post=5668"}],"version-history":[{"count":0,"href":"https:\/\/www.unaq.edu.mx\/en\/wp-json\/wp\/v2\/posts\/5668\/revisions"}],"wp:attachment":[{"href":"https:\/\/www.unaq.edu.mx\/en\/wp-json\/wp\/v2\/media?parent=5668"}],"wp:term":[{"taxonomy":"category","embeddable":true,"href":"https:\/\/www.unaq.edu.mx\/en\/wp-json\/wp\/v2\/categories?post=5668"},{"taxonomy":"post_tag","embeddable":true,"href":"https:\/\/www.unaq.edu.mx\/en\/wp-json\/wp\/v2\/tags?post=5668"}],"curies":[{"name":"wp","href":"https:\/\/api.w.org\/{rel}","templated":true}]}}