{"id":5213,"date":"2019-07-12T08:32:18","date_gmt":"2019-07-12T13:32:18","guid":{"rendered":"https:\/\/www.unaq.edu.mx\/?p=5213"},"modified":"2019-07-12T08:32:18","modified_gmt":"2019-07-12T13:32:18","slug":"estudiantes-y-profesores-celebran-el-dia-del-ingeniero","status":"publish","type":"post","link":"https:\/\/www.unaq.edu.mx\/en\/noticias\/estudiantes-y-profesores-celebran-el-dia-del-ingeniero\/","title":{"rendered":"Estudiantes y profesores celebran el D\u00eda del Ingeniero"},"content":{"rendered":"<p>Coordinado por la Academia de Formaci\u00f3n Sociocultural de la Subdirecci\u00f3n de Ingenier\u00eda, profesores y estudiantes participaron en la celebraci\u00f3n del D\u00eda del Ingeniero, que se realiz\u00f3 entre los edificios A y B.<\/p>\n<p>\u00a0<\/p>\n<p>Recordemos que desde 1974, el entonces secretario de Comunicaciones y Transportes, \u2013Eugenio M\u00e9ndez Docurro-, promovi\u00f3 que el 1 de julio se estableciera como el D\u00eda del Ingeniero.<\/p>\n<p>\u00a0<\/p>\n<p>Por ello, como una forma de celebrar los logros y avances que se han generado en el mundo gracias a los conocimientos ingenieriles, se tuvo a bien, celebrar -entre la comunidad estudiantil- este d\u00eda.<\/p>\n<p>\u00a0<\/p>\n<p>Las actividades consistieron en presentar por qu\u00e9 la ingenier\u00eda es creativa, as\u00ed lo explic\u00f3 la profesora Elizabeth Cer\u00f3n: \u201ca partir de esto, buscamos establecer presentaciones para el evento, de inventos hechos por personas que no tuvieron la formaci\u00f3n de ingeniero pero que requer\u00eda de conocimientos ingenieriles\u201d, coment\u00f3.<\/p>\n<p>\u00a0<\/p>\n<p>Las actividades que se desarrollaron estuvieron relacionadas entre la ingenier\u00eda y las bellas artes, pues algunos presentaron libros que escribieron sobre sus vivencias y sue\u00f1os. Otros organizaron juegos y presentaciones de escritores ingenieros, y para fomentar la participaci\u00f3n, se realizaron actividades por equipos y gracias a la cooperaci\u00f3n voluntaria del cuerpo docente se entregaron premios a los participantes.<\/p>\n<p>\u00a0<\/p>\n<p>Al respecto los estudiantes opinaron que fue una experiencia distinta, en la que aprendieron y al mismo tiempo se divirtieron:<\/p>\n<p>\u00a0<\/p>\n<p>\u201cFue algo nuevo para nosotros, fue la primera experiencia como estudiantes. Este a\u00f1o expusimos sobre un escritor de ingenier\u00eda, pero lo que m\u00e1s nos gust\u00f3 fueron las actividades entre equipos y los premios\u201d. \u00c1ngel Salvador.<\/p>\n<p>\u00a0<\/p>\n<p>\u201cNosotros nos ganamos una carpeta con una libreta y cosas de papeler\u00eda, estuvieron bien los premios\u201d. Oswaldo.<\/p>\n<p>\u00a0<\/p>\n<p>\u00a0<\/p>","protected":false},"excerpt":{"rendered":"<p>Coordinado por la Academia de Formaci\u00f3n Sociocultural de la Subdirecci\u00f3n de Ingenier\u00eda, profesores y estudiantes participaron en la celebraci\u00f3n del D\u00eda del Ingeniero, que se realiz\u00f3 entre los edificios A y B. \u00a0 Recordemos que desde 1974, el entonces secretario de Comunicaciones y Transportes, \u2013Eugenio M\u00e9ndez Docurro-, promovi\u00f3 que el 1 de julio se estableciera [&hellip;]<\/p>\n","protected":false},"author":1,"featured_media":5214,"comment_status":"closed","ping_status":"closed","sticky":false,"template":"","format":"standard","meta":{"footnotes":""},"categories":[3],"tags":[],"class_list":["post-5213","post","type-post","status-publish","format-standard","has-post-thumbnail","hentry","category-noticias"],"yoast_head":"<!-- This site is optimized with the Yoast SEO plugin v28.3 - https:\/\/yoast.com\/product\/yoast-seo-wordpress\/ -->\n<title>Estudiantes y profesores celebran el D\u00eda del Ingeniero - UNAQ - Universidad Aeron&aacute;utica en Quer&eacute;taro<\/title>\n<meta name=\"robots\" content=\"index, follow, max-snippet:-1, max-image-preview:large, max-video-preview:-1\" \/>\n<link rel=\"canonical\" href=\"https:\/\/www.unaq.edu.mx\/en\/noticias\/estudiantes-y-profesores-celebran-el-dia-del-ingeniero\/\" \/>\n<meta property=\"og:locale\" content=\"en_US\" \/>\n<meta property=\"og:type\" content=\"article\" \/>\n<meta property=\"og:title\" content=\"Estudiantes y profesores celebran el D\u00eda del Ingeniero - UNAQ - Universidad Aeron&aacute;utica en Quer&eacute;taro\" \/>\n<meta property=\"og:description\" content=\"Coordinado por la Academia de Formaci\u00f3n Sociocultural de la Subdirecci\u00f3n de Ingenier\u00eda, profesores y estudiantes participaron en la celebraci\u00f3n del D\u00eda del Ingeniero, que se realiz\u00f3 entre los edificios A y B. \u00a0 Recordemos que desde 1974, el entonces secretario de Comunicaciones y Transportes, \u2013Eugenio M\u00e9ndez Docurro-, promovi\u00f3 que el 1 de julio se estableciera [&hellip;]\" \/>\n<meta property=\"og:url\" content=\"https:\/\/www.unaq.edu.mx\/en\/noticias\/estudiantes-y-profesores-celebran-el-dia-del-ingeniero\/\" \/>\n<meta property=\"og:site_name\" content=\"UNAQ - Universidad Aeron&aacute;utica en Quer&eacute;taro\" \/>\n<meta property=\"article:publisher\" content=\"https:\/\/www.facebook.com\/UNAQMX\/\" \/>\n<meta property=\"article:published_time\" content=\"2019-07-12T13:32:18+00:00\" \/>\n<meta name=\"author\" content=\"admin\" \/>\n<meta name=\"twitter:card\" content=\"summary_large_image\" \/>\n<meta name=\"twitter:creator\" content=\"@UNAQmx\" \/>\n<meta name=\"twitter:site\" content=\"@UNAQmx\" \/>\n<meta name=\"twitter:label1\" content=\"Written by\" \/>\n\t<meta name=\"twitter:data1\" content=\"admin\" \/>\n\t<meta name=\"twitter:label2\" content=\"Est. reading time\" \/>\n\t<meta name=\"twitter:data2\" content=\"1 minute\" \/>\n<script type=\"application\/ld+json\" class=\"yoast-schema-graph\">{\"@context\":\"https:\\\/\\\/schema.org\",\"@graph\":[{\"@type\":\"Article\",\"@id\":\"https:\\\/\\\/www.unaq.edu.mx\\\/noticias\\\/estudiantes-y-profesores-celebran-el-dia-del-ingeniero\\\/#article\",\"isPartOf\":{\"@id\":\"https:\\\/\\\/www.unaq.edu.mx\\\/noticias\\\/estudiantes-y-profesores-celebran-el-dia-del-ingeniero\\\/\"},\"author\":{\"name\":\"admin\",\"@id\":\"https:\\\/\\\/www.unaq.edu.mx\\\/#\\\/schema\\\/person\\\/24f098aa1760e7c165d176625485f080\"},\"headline\":\"Estudiantes y profesores celebran el D\u00eda del Ingeniero\",\"datePublished\":\"2019-07-12T13:32:18+00:00\",\"mainEntityOfPage\":{\"@id\":\"https:\\\/\\\/www.unaq.edu.mx\\\/noticias\\\/estudiantes-y-profesores-celebran-el-dia-del-ingeniero\\\/\"},\"wordCount\":297,\"publisher\":{\"@id\":\"https:\\\/\\\/www.unaq.edu.mx\\\/#organization\"},\"image\":{\"@id\":\"https:\\\/\\\/www.unaq.edu.mx\\\/noticias\\\/estudiantes-y-profesores-celebran-el-dia-del-ingeniero\\\/#primaryimage\"},\"thumbnailUrl\":\"\",\"articleSection\":[\"Noticias\"],\"inLanguage\":\"en-US\"},{\"@type\":\"WebPage\",\"@id\":\"https:\\\/\\\/www.unaq.edu.mx\\\/noticias\\\/estudiantes-y-profesores-celebran-el-dia-del-ingeniero\\\/\",\"url\":\"https:\\\/\\\/www.unaq.edu.mx\\\/noticias\\\/estudiantes-y-profesores-celebran-el-dia-del-ingeniero\\\/\",\"name\":\"Estudiantes y profesores celebran el D\u00eda del Ingeniero - UNAQ - Universidad Aeron&aacute;utica en Quer&eacute;taro\",\"isPartOf\":{\"@id\":\"https:\\\/\\\/www.unaq.edu.mx\\\/#website\"},\"primaryImageOfPage\":{\"@id\":\"https:\\\/\\\/www.unaq.edu.mx\\\/noticias\\\/estudiantes-y-profesores-celebran-el-dia-del-ingeniero\\\/#primaryimage\"},\"image\":{\"@id\":\"https:\\\/\\\/www.unaq.edu.mx\\\/noticias\\\/estudiantes-y-profesores-celebran-el-dia-del-ingeniero\\\/#primaryimage\"},\"thumbnailUrl\":\"\",\"datePublished\":\"2019-07-12T13:32:18+00:00\",\"breadcrumb\":{\"@id\":\"https:\\\/\\\/www.unaq.edu.mx\\\/noticias\\\/estudiantes-y-profesores-celebran-el-dia-del-ingeniero\\\/#breadcrumb\"},\"inLanguage\":\"en-US\",\"potentialAction\":[{\"@type\":\"ReadAction\",\"target\":[\"https:\\\/\\\/www.unaq.edu.mx\\\/noticias\\\/estudiantes-y-profesores-celebran-el-dia-del-ingeniero\\\/\"]}]},{\"@type\":\"ImageObject\",\"inLanguage\":\"en-US\",\"@id\":\"https:\\\/\\\/www.unaq.edu.mx\\\/noticias\\\/estudiantes-y-profesores-celebran-el-dia-del-ingeniero\\\/#primaryimage\",\"url\":\"\",\"contentUrl\":\"\"},{\"@type\":\"BreadcrumbList\",\"@id\":\"https:\\\/\\\/www.unaq.edu.mx\\\/noticias\\\/estudiantes-y-profesores-celebran-el-dia-del-ingeniero\\\/#breadcrumb\",\"itemListElement\":[{\"@type\":\"ListItem\",\"position\":1,\"name\":\"Portada\",\"item\":\"https:\\\/\\\/www.unaq.edu.mx\\\/\"},{\"@type\":\"ListItem\",\"position\":2,\"name\":\"Estudiantes y profesores celebran el D\u00eda del Ingeniero\"}]},{\"@type\":\"WebSite\",\"@id\":\"https:\\\/\\\/www.unaq.edu.mx\\\/#website\",\"url\":\"https:\\\/\\\/www.unaq.edu.mx\\\/\",\"name\":\"UNAQ - Universidad Aeron\u00e1utica en Quer\u00e9taro\",\"description\":\"Formamos profesionales e investigadores para el sector aeron&aacute;utico, con valores, conocimientos, competencias y reconocimiento nacional e internacional, basado en un modelo educativo abierto, flexible, pertinente y estrechamente vinculado, para el desarrollo social, econ&oacute;mico y cultural de M&eacute;xico.\",\"publisher\":{\"@id\":\"https:\\\/\\\/www.unaq.edu.mx\\\/#organization\"},\"potentialAction\":[{\"@type\":\"SearchAction\",\"target\":{\"@type\":\"EntryPoint\",\"urlTemplate\":\"https:\\\/\\\/www.unaq.edu.mx\\\/?s={search_term_string}\"},\"query-input\":{\"@type\":\"PropertyValueSpecification\",\"valueRequired\":true,\"valueName\":\"search_term_string\"}}],\"inLanguage\":\"en-US\"},{\"@type\":\"Organization\",\"@id\":\"https:\\\/\\\/www.unaq.edu.mx\\\/#organization\",\"name\":\"Universidad Aeron\u00e1utica en Quer\u00e9taro\",\"url\":\"https:\\\/\\\/www.unaq.edu.mx\\\/\",\"logo\":{\"@type\":\"ImageObject\",\"inLanguage\":\"en-US\",\"@id\":\"https:\\\/\\\/www.unaq.edu.mx\\\/#\\\/schema\\\/logo\\\/image\\\/\",\"url\":\"https:\\\/\\\/www.unaq.edu.mx\\\/wp-content\\\/uploads\\\/2022\\\/04\\\/Logo_UNAQ.png\",\"contentUrl\":\"https:\\\/\\\/www.unaq.edu.mx\\\/wp-content\\\/uploads\\\/2022\\\/04\\\/Logo_UNAQ.png\",\"width\":648,\"height\":284,\"caption\":\"Universidad Aeron\u00e1utica en Quer\u00e9taro\"},\"image\":{\"@id\":\"https:\\\/\\\/www.unaq.edu.mx\\\/#\\\/schema\\\/logo\\\/image\\\/\"},\"sameAs\":[\"https:\\\/\\\/www.facebook.com\\\/UNAQMX\\\/\",\"https:\\\/\\\/x.com\\\/UNAQmx\",\"https:\\\/\\\/www.linkedin.com\\\/company\\\/unaq\",\"https:\\\/\\\/www.youtube.com\\\/user\\\/UNAQMX\"]},{\"@type\":\"Person\",\"@id\":\"https:\\\/\\\/www.unaq.edu.mx\\\/#\\\/schema\\\/person\\\/24f098aa1760e7c165d176625485f080\",\"name\":\"admin\",\"sameAs\":[\"https:\\\/\\\/www.unaq.edu.mx\"],\"url\":\"https:\\\/\\\/www.unaq.edu.mx\\\/en\\\/author\\\/admin\\\/\"}]}<\/script>\n<!-- \/ Yoast SEO plugin. -->","yoast_head_json":{"title":"Estudiantes y profesores celebran el D\u00eda del Ingeniero - UNAQ - Universidad Aeron&aacute;utica en Quer&eacute;taro","robots":{"index":"index","follow":"follow","max-snippet":"max-snippet:-1","max-image-preview":"max-image-preview:large","max-video-preview":"max-video-preview:-1"},"canonical":"https:\/\/www.unaq.edu.mx\/en\/noticias\/estudiantes-y-profesores-celebran-el-dia-del-ingeniero\/","og_locale":"en_US","og_type":"article","og_title":"Estudiantes y profesores celebran el D\u00eda del Ingeniero - UNAQ - Universidad Aeron&aacute;utica en Quer&eacute;taro","og_description":"Coordinado por la Academia de Formaci\u00f3n Sociocultural de la Subdirecci\u00f3n de Ingenier\u00eda, profesores y estudiantes participaron en la celebraci\u00f3n del D\u00eda del Ingeniero, que se realiz\u00f3 entre los edificios A y B. \u00a0 Recordemos que desde 1974, el entonces secretario de Comunicaciones y Transportes, \u2013Eugenio M\u00e9ndez Docurro-, promovi\u00f3 que el 1 de julio se estableciera [&hellip;]","og_url":"https:\/\/www.unaq.edu.mx\/en\/noticias\/estudiantes-y-profesores-celebran-el-dia-del-ingeniero\/","og_site_name":"UNAQ - Universidad Aeron&aacute;utica en Quer&eacute;taro","article_publisher":"https:\/\/www.facebook.com\/UNAQMX\/","article_published_time":"2019-07-12T13:32:18+00:00","author":"admin","twitter_card":"summary_large_image","twitter_creator":"@UNAQmx","twitter_site":"@UNAQmx","twitter_misc":{"Written by":"admin","Est. reading time":"1 minute"},"schema":{"@context":"https:\/\/schema.org","@graph":[{"@type":"Article","@id":"https:\/\/www.unaq.edu.mx\/noticias\/estudiantes-y-profesores-celebran-el-dia-del-ingeniero\/#article","isPartOf":{"@id":"https:\/\/www.unaq.edu.mx\/noticias\/estudiantes-y-profesores-celebran-el-dia-del-ingeniero\/"},"author":{"name":"admin","@id":"https:\/\/www.unaq.edu.mx\/#\/schema\/person\/24f098aa1760e7c165d176625485f080"},"headline":"Estudiantes y profesores celebran el D\u00eda del Ingeniero","datePublished":"2019-07-12T13:32:18+00:00","mainEntityOfPage":{"@id":"https:\/\/www.unaq.edu.mx\/noticias\/estudiantes-y-profesores-celebran-el-dia-del-ingeniero\/"},"wordCount":297,"publisher":{"@id":"https:\/\/www.unaq.edu.mx\/#organization"},"image":{"@id":"https:\/\/www.unaq.edu.mx\/noticias\/estudiantes-y-profesores-celebran-el-dia-del-ingeniero\/#primaryimage"},"thumbnailUrl":"","articleSection":["Noticias"],"inLanguage":"en-US"},{"@type":"WebPage","@id":"https:\/\/www.unaq.edu.mx\/noticias\/estudiantes-y-profesores-celebran-el-dia-del-ingeniero\/","url":"https:\/\/www.unaq.edu.mx\/noticias\/estudiantes-y-profesores-celebran-el-dia-del-ingeniero\/","name":"Estudiantes y profesores celebran el D\u00eda del Ingeniero - UNAQ - Universidad Aeron&aacute;utica en Quer&eacute;taro","isPartOf":{"@id":"https:\/\/www.unaq.edu.mx\/#website"},"primaryImageOfPage":{"@id":"https:\/\/www.unaq.edu.mx\/noticias\/estudiantes-y-profesores-celebran-el-dia-del-ingeniero\/#primaryimage"},"image":{"@id":"https:\/\/www.unaq.edu.mx\/noticias\/estudiantes-y-profesores-celebran-el-dia-del-ingeniero\/#primaryimage"},"thumbnailUrl":"","datePublished":"2019-07-12T13:32:18+00:00","breadcrumb":{"@id":"https:\/\/www.unaq.edu.mx\/noticias\/estudiantes-y-profesores-celebran-el-dia-del-ingeniero\/#breadcrumb"},"inLanguage":"en-US","potentialAction":[{"@type":"ReadAction","target":["https:\/\/www.unaq.edu.mx\/noticias\/estudiantes-y-profesores-celebran-el-dia-del-ingeniero\/"]}]},{"@type":"ImageObject","inLanguage":"en-US","@id":"https:\/\/www.unaq.edu.mx\/noticias\/estudiantes-y-profesores-celebran-el-dia-del-ingeniero\/#primaryimage","url":"","contentUrl":""},{"@type":"BreadcrumbList","@id":"https:\/\/www.unaq.edu.mx\/noticias\/estudiantes-y-profesores-celebran-el-dia-del-ingeniero\/#breadcrumb","itemListElement":[{"@type":"ListItem","position":1,"name":"Portada","item":"https:\/\/www.unaq.edu.mx\/"},{"@type":"ListItem","position":2,"name":"Estudiantes y profesores celebran el D\u00eda del Ingeniero"}]},{"@type":"WebSite","@id":"https:\/\/www.unaq.edu.mx\/#website","url":"https:\/\/www.unaq.edu.mx\/","name":"UNAQ - Universidad Aeron\u00e1utica en Quer\u00e9taro","description":"Formamos profesionales e investigadores para el sector aeron&aacute;utico, con valores, conocimientos, competencias y reconocimiento nacional e internacional, basado en un modelo educativo abierto, flexible, pertinente y estrechamente vinculado, para el desarrollo social, econ&oacute;mico y cultural de M&eacute;xico.","publisher":{"@id":"https:\/\/www.unaq.edu.mx\/#organization"},"potentialAction":[{"@type":"SearchAction","target":{"@type":"EntryPoint","urlTemplate":"https:\/\/www.unaq.edu.mx\/?s={search_term_string}"},"query-input":{"@type":"PropertyValueSpecification","valueRequired":true,"valueName":"search_term_string"}}],"inLanguage":"en-US"},{"@type":"Organization","@id":"https:\/\/www.unaq.edu.mx\/#organization","name":"Universidad Aeron\u00e1utica en Quer\u00e9taro","url":"https:\/\/www.unaq.edu.mx\/","logo":{"@type":"ImageObject","inLanguage":"en-US","@id":"https:\/\/www.unaq.edu.mx\/#\/schema\/logo\/image\/","url":"https:\/\/www.unaq.edu.mx\/wp-content\/uploads\/2022\/04\/Logo_UNAQ.png","contentUrl":"https:\/\/www.unaq.edu.mx\/wp-content\/uploads\/2022\/04\/Logo_UNAQ.png","width":648,"height":284,"caption":"Universidad Aeron\u00e1utica en Quer\u00e9taro"},"image":{"@id":"https:\/\/www.unaq.edu.mx\/#\/schema\/logo\/image\/"},"sameAs":["https:\/\/www.facebook.com\/UNAQMX\/","https:\/\/x.com\/UNAQmx","https:\/\/www.linkedin.com\/company\/unaq","https:\/\/www.youtube.com\/user\/UNAQMX"]},{"@type":"Person","@id":"https:\/\/www.unaq.edu.mx\/#\/schema\/person\/24f098aa1760e7c165d176625485f080","name":"admin","sameAs":["https:\/\/www.unaq.edu.mx"],"url":"https:\/\/www.unaq.edu.mx\/en\/author\/admin\/"}]}},"_links":{"self":[{"href":"https:\/\/www.unaq.edu.mx\/en\/wp-json\/wp\/v2\/posts\/5213","targetHints":{"allow":["GET"]}}],"collection":[{"href":"https:\/\/www.unaq.edu.mx\/en\/wp-json\/wp\/v2\/posts"}],"about":[{"href":"https:\/\/www.unaq.edu.mx\/en\/wp-json\/wp\/v2\/types\/post"}],"author":[{"embeddable":true,"href":"https:\/\/www.unaq.edu.mx\/en\/wp-json\/wp\/v2\/users\/1"}],"replies":[{"embeddable":true,"href":"https:\/\/www.unaq.edu.mx\/en\/wp-json\/wp\/v2\/comments?post=5213"}],"version-history":[{"count":0,"href":"https:\/\/www.unaq.edu.mx\/en\/wp-json\/wp\/v2\/posts\/5213\/revisions"}],"wp:attachment":[{"href":"https:\/\/www.unaq.edu.mx\/en\/wp-json\/wp\/v2\/media?parent=5213"}],"wp:term":[{"taxonomy":"category","embeddable":true,"href":"https:\/\/www.unaq.edu.mx\/en\/wp-json\/wp\/v2\/categories?post=5213"},{"taxonomy":"post_tag","embeddable":true,"href":"https:\/\/www.unaq.edu.mx\/en\/wp-json\/wp\/v2\/tags?post=5213"}],"curies":[{"name":"wp","href":"https:\/\/api.w.org\/{rel}","templated":true}]}}