{"id":4813,"date":"2019-03-19T10:26:06","date_gmt":"2019-03-19T16:26:06","guid":{"rendered":"https:\/\/www.unaq.edu.mx\/?p=4813"},"modified":"2019-03-19T10:26:06","modified_gmt":"2019-03-19T16:26:06","slug":"unaq-y-ciiasa-egresan-a-la-primer-generacion-de-sobrecargos-de-aviacion","status":"publish","type":"post","link":"https:\/\/www.unaq.edu.mx\/en\/noticias\/unaq-y-ciiasa-egresan-a-la-primer-generacion-de-sobrecargos-de-aviacion\/","title":{"rendered":"UNAQ Y CIIASA egresan a la primer generaci\u00f3n de Sobrecargos de Aviaci\u00f3n"},"content":{"rendered":"<p class=\"wp-block-paragraph\">Egres\u00f3 la primera generaci\u00f3n del\nCursos de Sobrecargos de Aviaci\u00f3n que realiza la Universidad Aeron\u00e1utica en\nQuer\u00e9taro (UNAQ) en coordinaci\u00f3n Aeropuertos y Servicios Auxiliares, a trav\u00e9s\nde su Centro Internacional de Instrucci\u00f3n (CIIASA).<\/p>\n\n\n\n<p class=\"wp-block-paragraph\">Como resultado del convenio de\ncolaboraci\u00f3n entre ambas instituciones, en el mes de noviembre comenz\u00f3 la\ncapacitaci\u00f3n de nueve estudiantes, quienes adquirieron una formaci\u00f3n con base\nen la experiencia y de alta calidad, quienes podr\u00e1n sumarse a las filas de las\naerol\u00edneas nacionales o internacionales, con un perfil altamente competitivo. <\/p>\n\n\n\n<p class=\"wp-block-paragraph\">Desde el 2017 la UNAQ trabaja\ncon el proyecto de Formaci\u00f3n de Sobrecargos de Aviaci\u00f3n sumando m\u00e1s de cien\negresados, de los cuales m\u00e1s de 70 por ciento ya se encuentran trabajando y el\nresto en proceso de incorporarse a la vida laboral. Adem\u00e1s de los programas\neducativos que oferta la universidad como: Ingenier\u00eda, T\u00e9cnico Superior\nUniversitario (TSU), el \u00c1rea de Posgrado, Entrenamiento para el Trabajo (EPT) y\nEducaci\u00f3n Continua.<\/p>\n\n\n\n<p class=\"wp-block-paragraph\">El Curso de Formaci\u00f3n de\nSobrecargos de Aviaci\u00f3n est\u00e1 conformado por once materias como: aerodin\u00e1mica,\nmeteorolog\u00eda, para comprender los factores de turbulencia, complementarios\nt\u00e9cnicos para conocer de qu\u00e9 apoyos cuentan en emergencia, dos semanas de\nemergencias pr\u00e1cticas, as\u00ed como servicios abordo. Durante el entrenamiento los\nchicos practican en simulaciones de contingencias reales, para ello se cuenta\ncon un avi\u00f3n Boeing 737 equipado con un tobog\u00e1n, as\u00ed como pr\u00e1cticas acu\u00e1ticas\nen un lago.<\/p>\n\n\n\n<p class=\"wp-block-paragraph\">A la ceremonia que se realiz\u00f3 en\nlas instalaciones de CIIASA en la Ciudad de M\u00e9xico, asisti\u00f3: el Lic. Luis\nManuel S\u00e1nchez Ram\u00f3n, Subdirector de Ex\u00e1menes de la Direcci\u00f3n General de\nAeron\u00e1utica Civil (DGAC); el Ing. \u00d3scar Arg\u00fcello Ruiz, Director General de Aeropuertos\ny Servicios Auxiliares (ASA); el Ing. Federico P\u00e9rez Fuentes, Secretario de\nPlaneaci\u00f3n y Vinculaci\u00f3n de la UNAQ; el Ing. Claudio Alejandro Arellano\nRodr\u00edguez, Director de Investigaci\u00f3n e Instrucci\u00f3n de ASA; entre otros.<\/p>\n\n\n\n<p class=\"wp-block-paragraph\">Fuente: Universidad Aeron\u00e1utica\nen Quer\u00e9taro<\/p>\n\n\n\n<p class=\"wp-block-paragraph\">M. en A. Nancy Paulina Casares\nGonz\u00e1lez, Subdirectora de Comunicaci\u00f3n y Movilidad Acad\u00e9mica.<\/p>","protected":false},"excerpt":{"rendered":"<p>Egres\u00f3 la primera generaci\u00f3n del Cursos de Sobrecargos de Aviaci\u00f3n que realiza la Universidad Aeron\u00e1utica en Quer\u00e9taro (UNAQ) en coordinaci\u00f3n Aeropuertos y Servicios Auxiliares, a trav\u00e9s de su Centro Internacional de Instrucci\u00f3n (CIIASA). Como resultado del convenio de colaboraci\u00f3n entre ambas instituciones, en el mes de noviembre comenz\u00f3 la capacitaci\u00f3n de nueve estudiantes, quienes adquirieron [&hellip;]<\/p>\n","protected":false},"author":1,"featured_media":4814,"comment_status":"closed","ping_status":"closed","sticky":false,"template":"","format":"standard","meta":{"footnotes":""},"categories":[3],"tags":[],"class_list":["post-4813","post","type-post","status-publish","format-standard","has-post-thumbnail","hentry","category-noticias"],"yoast_head":"<!-- This site is optimized with the Yoast SEO plugin v28.3 - https:\/\/yoast.com\/product\/yoast-seo-wordpress\/ -->\n<title>UNAQ Y CIIASA egresan a la primer generaci\u00f3n de Sobrecargos de Aviaci\u00f3n - UNAQ - Universidad Aeron&aacute;utica en Quer&eacute;taro<\/title>\n<meta name=\"robots\" content=\"index, follow, max-snippet:-1, max-image-preview:large, max-video-preview:-1\" \/>\n<link rel=\"canonical\" href=\"https:\/\/www.unaq.edu.mx\/en\/noticias\/unaq-y-ciiasa-egresan-a-la-primer-generacion-de-sobrecargos-de-aviacion\/\" \/>\n<meta property=\"og:locale\" content=\"en_US\" \/>\n<meta property=\"og:type\" content=\"article\" \/>\n<meta property=\"og:title\" content=\"UNAQ Y CIIASA egresan a la primer generaci\u00f3n de Sobrecargos de Aviaci\u00f3n - UNAQ - Universidad Aeron&aacute;utica en Quer&eacute;taro\" \/>\n<meta property=\"og:description\" content=\"Egres\u00f3 la primera generaci\u00f3n del Cursos de Sobrecargos de Aviaci\u00f3n que realiza la Universidad Aeron\u00e1utica en Quer\u00e9taro (UNAQ) en coordinaci\u00f3n Aeropuertos y Servicios Auxiliares, a trav\u00e9s de su Centro Internacional de Instrucci\u00f3n (CIIASA). Como resultado del convenio de colaboraci\u00f3n entre ambas instituciones, en el mes de noviembre comenz\u00f3 la capacitaci\u00f3n de nueve estudiantes, quienes adquirieron [&hellip;]\" \/>\n<meta property=\"og:url\" content=\"https:\/\/www.unaq.edu.mx\/en\/noticias\/unaq-y-ciiasa-egresan-a-la-primer-generacion-de-sobrecargos-de-aviacion\/\" \/>\n<meta property=\"og:site_name\" content=\"UNAQ - Universidad Aeron&aacute;utica en Quer&eacute;taro\" \/>\n<meta property=\"article:publisher\" content=\"https:\/\/www.facebook.com\/UNAQMX\/\" \/>\n<meta property=\"article:published_time\" content=\"2019-03-19T16:26:06+00:00\" \/>\n<meta name=\"author\" content=\"admin\" \/>\n<meta name=\"twitter:card\" content=\"summary_large_image\" \/>\n<meta name=\"twitter:creator\" content=\"@UNAQmx\" \/>\n<meta name=\"twitter:site\" content=\"@UNAQmx\" \/>\n<meta name=\"twitter:label1\" content=\"Written by\" \/>\n\t<meta name=\"twitter:data1\" content=\"admin\" \/>\n\t<meta name=\"twitter:label2\" content=\"Est. reading time\" \/>\n\t<meta name=\"twitter:data2\" content=\"2 minutes\" \/>\n<script type=\"application\/ld+json\" class=\"yoast-schema-graph\">{\"@context\":\"https:\\\/\\\/schema.org\",\"@graph\":[{\"@type\":\"Article\",\"@id\":\"https:\\\/\\\/www.unaq.edu.mx\\\/noticias\\\/unaq-y-ciiasa-egresan-a-la-primer-generacion-de-sobrecargos-de-aviacion\\\/#article\",\"isPartOf\":{\"@id\":\"https:\\\/\\\/www.unaq.edu.mx\\\/noticias\\\/unaq-y-ciiasa-egresan-a-la-primer-generacion-de-sobrecargos-de-aviacion\\\/\"},\"author\":{\"name\":\"admin\",\"@id\":\"https:\\\/\\\/www.unaq.edu.mx\\\/#\\\/schema\\\/person\\\/24f098aa1760e7c165d176625485f080\"},\"headline\":\"UNAQ Y CIIASA egresan a la primer generaci\u00f3n de Sobrecargos de Aviaci\u00f3n\",\"datePublished\":\"2019-03-19T16:26:06+00:00\",\"mainEntityOfPage\":{\"@id\":\"https:\\\/\\\/www.unaq.edu.mx\\\/noticias\\\/unaq-y-ciiasa-egresan-a-la-primer-generacion-de-sobrecargos-de-aviacion\\\/\"},\"wordCount\":377,\"publisher\":{\"@id\":\"https:\\\/\\\/www.unaq.edu.mx\\\/#organization\"},\"image\":{\"@id\":\"https:\\\/\\\/www.unaq.edu.mx\\\/noticias\\\/unaq-y-ciiasa-egresan-a-la-primer-generacion-de-sobrecargos-de-aviacion\\\/#primaryimage\"},\"thumbnailUrl\":\"\",\"articleSection\":[\"Noticias\"],\"inLanguage\":\"en-US\"},{\"@type\":\"WebPage\",\"@id\":\"https:\\\/\\\/www.unaq.edu.mx\\\/noticias\\\/unaq-y-ciiasa-egresan-a-la-primer-generacion-de-sobrecargos-de-aviacion\\\/\",\"url\":\"https:\\\/\\\/www.unaq.edu.mx\\\/noticias\\\/unaq-y-ciiasa-egresan-a-la-primer-generacion-de-sobrecargos-de-aviacion\\\/\",\"name\":\"UNAQ Y CIIASA egresan a la primer generaci\u00f3n de Sobrecargos de Aviaci\u00f3n - UNAQ - Universidad Aeron&aacute;utica en Quer&eacute;taro\",\"isPartOf\":{\"@id\":\"https:\\\/\\\/www.unaq.edu.mx\\\/#website\"},\"primaryImageOfPage\":{\"@id\":\"https:\\\/\\\/www.unaq.edu.mx\\\/noticias\\\/unaq-y-ciiasa-egresan-a-la-primer-generacion-de-sobrecargos-de-aviacion\\\/#primaryimage\"},\"image\":{\"@id\":\"https:\\\/\\\/www.unaq.edu.mx\\\/noticias\\\/unaq-y-ciiasa-egresan-a-la-primer-generacion-de-sobrecargos-de-aviacion\\\/#primaryimage\"},\"thumbnailUrl\":\"\",\"datePublished\":\"2019-03-19T16:26:06+00:00\",\"breadcrumb\":{\"@id\":\"https:\\\/\\\/www.unaq.edu.mx\\\/noticias\\\/unaq-y-ciiasa-egresan-a-la-primer-generacion-de-sobrecargos-de-aviacion\\\/#breadcrumb\"},\"inLanguage\":\"en-US\",\"potentialAction\":[{\"@type\":\"ReadAction\",\"target\":[\"https:\\\/\\\/www.unaq.edu.mx\\\/noticias\\\/unaq-y-ciiasa-egresan-a-la-primer-generacion-de-sobrecargos-de-aviacion\\\/\"]}]},{\"@type\":\"ImageObject\",\"inLanguage\":\"en-US\",\"@id\":\"https:\\\/\\\/www.unaq.edu.mx\\\/noticias\\\/unaq-y-ciiasa-egresan-a-la-primer-generacion-de-sobrecargos-de-aviacion\\\/#primaryimage\",\"url\":\"\",\"contentUrl\":\"\"},{\"@type\":\"BreadcrumbList\",\"@id\":\"https:\\\/\\\/www.unaq.edu.mx\\\/noticias\\\/unaq-y-ciiasa-egresan-a-la-primer-generacion-de-sobrecargos-de-aviacion\\\/#breadcrumb\",\"itemListElement\":[{\"@type\":\"ListItem\",\"position\":1,\"name\":\"Portada\",\"item\":\"https:\\\/\\\/www.unaq.edu.mx\\\/\"},{\"@type\":\"ListItem\",\"position\":2,\"name\":\"UNAQ Y CIIASA egresan a la primer generaci\u00f3n de Sobrecargos de Aviaci\u00f3n\"}]},{\"@type\":\"WebSite\",\"@id\":\"https:\\\/\\\/www.unaq.edu.mx\\\/#website\",\"url\":\"https:\\\/\\\/www.unaq.edu.mx\\\/\",\"name\":\"UNAQ - Universidad Aeron\u00e1utica en Quer\u00e9taro\",\"description\":\"Formamos profesionales e investigadores para el sector aeron&aacute;utico, con valores, conocimientos, competencias y reconocimiento nacional e internacional, basado en un modelo educativo abierto, flexible, pertinente y estrechamente vinculado, para el desarrollo social, econ&oacute;mico y cultural de M&eacute;xico.\",\"publisher\":{\"@id\":\"https:\\\/\\\/www.unaq.edu.mx\\\/#organization\"},\"potentialAction\":[{\"@type\":\"SearchAction\",\"target\":{\"@type\":\"EntryPoint\",\"urlTemplate\":\"https:\\\/\\\/www.unaq.edu.mx\\\/?s={search_term_string}\"},\"query-input\":{\"@type\":\"PropertyValueSpecification\",\"valueRequired\":true,\"valueName\":\"search_term_string\"}}],\"inLanguage\":\"en-US\"},{\"@type\":\"Organization\",\"@id\":\"https:\\\/\\\/www.unaq.edu.mx\\\/#organization\",\"name\":\"Universidad Aeron\u00e1utica en Quer\u00e9taro\",\"url\":\"https:\\\/\\\/www.unaq.edu.mx\\\/\",\"logo\":{\"@type\":\"ImageObject\",\"inLanguage\":\"en-US\",\"@id\":\"https:\\\/\\\/www.unaq.edu.mx\\\/#\\\/schema\\\/logo\\\/image\\\/\",\"url\":\"https:\\\/\\\/www.unaq.edu.mx\\\/wp-content\\\/uploads\\\/2022\\\/04\\\/Logo_UNAQ.png\",\"contentUrl\":\"https:\\\/\\\/www.unaq.edu.mx\\\/wp-content\\\/uploads\\\/2022\\\/04\\\/Logo_UNAQ.png\",\"width\":648,\"height\":284,\"caption\":\"Universidad Aeron\u00e1utica en Quer\u00e9taro\"},\"image\":{\"@id\":\"https:\\\/\\\/www.unaq.edu.mx\\\/#\\\/schema\\\/logo\\\/image\\\/\"},\"sameAs\":[\"https:\\\/\\\/www.facebook.com\\\/UNAQMX\\\/\",\"https:\\\/\\\/x.com\\\/UNAQmx\",\"https:\\\/\\\/www.linkedin.com\\\/company\\\/unaq\",\"https:\\\/\\\/www.youtube.com\\\/user\\\/UNAQMX\"]},{\"@type\":\"Person\",\"@id\":\"https:\\\/\\\/www.unaq.edu.mx\\\/#\\\/schema\\\/person\\\/24f098aa1760e7c165d176625485f080\",\"name\":\"admin\",\"sameAs\":[\"https:\\\/\\\/www.unaq.edu.mx\"],\"url\":\"https:\\\/\\\/www.unaq.edu.mx\\\/en\\\/author\\\/admin\\\/\"}]}<\/script>\n<!-- \/ Yoast SEO plugin. -->","yoast_head_json":{"title":"UNAQ Y CIIASA egresan a la primer generaci\u00f3n de Sobrecargos de Aviaci\u00f3n - UNAQ - Universidad Aeron&aacute;utica en Quer&eacute;taro","robots":{"index":"index","follow":"follow","max-snippet":"max-snippet:-1","max-image-preview":"max-image-preview:large","max-video-preview":"max-video-preview:-1"},"canonical":"https:\/\/www.unaq.edu.mx\/en\/noticias\/unaq-y-ciiasa-egresan-a-la-primer-generacion-de-sobrecargos-de-aviacion\/","og_locale":"en_US","og_type":"article","og_title":"UNAQ Y CIIASA egresan a la primer generaci\u00f3n de Sobrecargos de Aviaci\u00f3n - UNAQ - Universidad Aeron&aacute;utica en Quer&eacute;taro","og_description":"Egres\u00f3 la primera generaci\u00f3n del Cursos de Sobrecargos de Aviaci\u00f3n que realiza la Universidad Aeron\u00e1utica en Quer\u00e9taro (UNAQ) en coordinaci\u00f3n Aeropuertos y Servicios Auxiliares, a trav\u00e9s de su Centro Internacional de Instrucci\u00f3n (CIIASA). Como resultado del convenio de colaboraci\u00f3n entre ambas instituciones, en el mes de noviembre comenz\u00f3 la capacitaci\u00f3n de nueve estudiantes, quienes adquirieron [&hellip;]","og_url":"https:\/\/www.unaq.edu.mx\/en\/noticias\/unaq-y-ciiasa-egresan-a-la-primer-generacion-de-sobrecargos-de-aviacion\/","og_site_name":"UNAQ - Universidad Aeron&aacute;utica en Quer&eacute;taro","article_publisher":"https:\/\/www.facebook.com\/UNAQMX\/","article_published_time":"2019-03-19T16:26:06+00:00","author":"admin","twitter_card":"summary_large_image","twitter_creator":"@UNAQmx","twitter_site":"@UNAQmx","twitter_misc":{"Written by":"admin","Est. reading time":"2 minutes"},"schema":{"@context":"https:\/\/schema.org","@graph":[{"@type":"Article","@id":"https:\/\/www.unaq.edu.mx\/noticias\/unaq-y-ciiasa-egresan-a-la-primer-generacion-de-sobrecargos-de-aviacion\/#article","isPartOf":{"@id":"https:\/\/www.unaq.edu.mx\/noticias\/unaq-y-ciiasa-egresan-a-la-primer-generacion-de-sobrecargos-de-aviacion\/"},"author":{"name":"admin","@id":"https:\/\/www.unaq.edu.mx\/#\/schema\/person\/24f098aa1760e7c165d176625485f080"},"headline":"UNAQ Y CIIASA egresan a la primer generaci\u00f3n de Sobrecargos de Aviaci\u00f3n","datePublished":"2019-03-19T16:26:06+00:00","mainEntityOfPage":{"@id":"https:\/\/www.unaq.edu.mx\/noticias\/unaq-y-ciiasa-egresan-a-la-primer-generacion-de-sobrecargos-de-aviacion\/"},"wordCount":377,"publisher":{"@id":"https:\/\/www.unaq.edu.mx\/#organization"},"image":{"@id":"https:\/\/www.unaq.edu.mx\/noticias\/unaq-y-ciiasa-egresan-a-la-primer-generacion-de-sobrecargos-de-aviacion\/#primaryimage"},"thumbnailUrl":"","articleSection":["Noticias"],"inLanguage":"en-US"},{"@type":"WebPage","@id":"https:\/\/www.unaq.edu.mx\/noticias\/unaq-y-ciiasa-egresan-a-la-primer-generacion-de-sobrecargos-de-aviacion\/","url":"https:\/\/www.unaq.edu.mx\/noticias\/unaq-y-ciiasa-egresan-a-la-primer-generacion-de-sobrecargos-de-aviacion\/","name":"UNAQ Y CIIASA egresan a la primer generaci\u00f3n de Sobrecargos de Aviaci\u00f3n - UNAQ - Universidad Aeron&aacute;utica en Quer&eacute;taro","isPartOf":{"@id":"https:\/\/www.unaq.edu.mx\/#website"},"primaryImageOfPage":{"@id":"https:\/\/www.unaq.edu.mx\/noticias\/unaq-y-ciiasa-egresan-a-la-primer-generacion-de-sobrecargos-de-aviacion\/#primaryimage"},"image":{"@id":"https:\/\/www.unaq.edu.mx\/noticias\/unaq-y-ciiasa-egresan-a-la-primer-generacion-de-sobrecargos-de-aviacion\/#primaryimage"},"thumbnailUrl":"","datePublished":"2019-03-19T16:26:06+00:00","breadcrumb":{"@id":"https:\/\/www.unaq.edu.mx\/noticias\/unaq-y-ciiasa-egresan-a-la-primer-generacion-de-sobrecargos-de-aviacion\/#breadcrumb"},"inLanguage":"en-US","potentialAction":[{"@type":"ReadAction","target":["https:\/\/www.unaq.edu.mx\/noticias\/unaq-y-ciiasa-egresan-a-la-primer-generacion-de-sobrecargos-de-aviacion\/"]}]},{"@type":"ImageObject","inLanguage":"en-US","@id":"https:\/\/www.unaq.edu.mx\/noticias\/unaq-y-ciiasa-egresan-a-la-primer-generacion-de-sobrecargos-de-aviacion\/#primaryimage","url":"","contentUrl":""},{"@type":"BreadcrumbList","@id":"https:\/\/www.unaq.edu.mx\/noticias\/unaq-y-ciiasa-egresan-a-la-primer-generacion-de-sobrecargos-de-aviacion\/#breadcrumb","itemListElement":[{"@type":"ListItem","position":1,"name":"Portada","item":"https:\/\/www.unaq.edu.mx\/"},{"@type":"ListItem","position":2,"name":"UNAQ Y CIIASA egresan a la primer generaci\u00f3n de Sobrecargos de Aviaci\u00f3n"}]},{"@type":"WebSite","@id":"https:\/\/www.unaq.edu.mx\/#website","url":"https:\/\/www.unaq.edu.mx\/","name":"UNAQ - Universidad Aeron\u00e1utica en Quer\u00e9taro","description":"Formamos profesionales e investigadores para el sector aeron&aacute;utico, con valores, conocimientos, competencias y reconocimiento nacional e internacional, basado en un modelo educativo abierto, flexible, pertinente y estrechamente vinculado, para el desarrollo social, econ&oacute;mico y cultural de M&eacute;xico.","publisher":{"@id":"https:\/\/www.unaq.edu.mx\/#organization"},"potentialAction":[{"@type":"SearchAction","target":{"@type":"EntryPoint","urlTemplate":"https:\/\/www.unaq.edu.mx\/?s={search_term_string}"},"query-input":{"@type":"PropertyValueSpecification","valueRequired":true,"valueName":"search_term_string"}}],"inLanguage":"en-US"},{"@type":"Organization","@id":"https:\/\/www.unaq.edu.mx\/#organization","name":"Universidad Aeron\u00e1utica en Quer\u00e9taro","url":"https:\/\/www.unaq.edu.mx\/","logo":{"@type":"ImageObject","inLanguage":"en-US","@id":"https:\/\/www.unaq.edu.mx\/#\/schema\/logo\/image\/","url":"https:\/\/www.unaq.edu.mx\/wp-content\/uploads\/2022\/04\/Logo_UNAQ.png","contentUrl":"https:\/\/www.unaq.edu.mx\/wp-content\/uploads\/2022\/04\/Logo_UNAQ.png","width":648,"height":284,"caption":"Universidad Aeron\u00e1utica en Quer\u00e9taro"},"image":{"@id":"https:\/\/www.unaq.edu.mx\/#\/schema\/logo\/image\/"},"sameAs":["https:\/\/www.facebook.com\/UNAQMX\/","https:\/\/x.com\/UNAQmx","https:\/\/www.linkedin.com\/company\/unaq","https:\/\/www.youtube.com\/user\/UNAQMX"]},{"@type":"Person","@id":"https:\/\/www.unaq.edu.mx\/#\/schema\/person\/24f098aa1760e7c165d176625485f080","name":"admin","sameAs":["https:\/\/www.unaq.edu.mx"],"url":"https:\/\/www.unaq.edu.mx\/en\/author\/admin\/"}]}},"_links":{"self":[{"href":"https:\/\/www.unaq.edu.mx\/en\/wp-json\/wp\/v2\/posts\/4813","targetHints":{"allow":["GET"]}}],"collection":[{"href":"https:\/\/www.unaq.edu.mx\/en\/wp-json\/wp\/v2\/posts"}],"about":[{"href":"https:\/\/www.unaq.edu.mx\/en\/wp-json\/wp\/v2\/types\/post"}],"author":[{"embeddable":true,"href":"https:\/\/www.unaq.edu.mx\/en\/wp-json\/wp\/v2\/users\/1"}],"replies":[{"embeddable":true,"href":"https:\/\/www.unaq.edu.mx\/en\/wp-json\/wp\/v2\/comments?post=4813"}],"version-history":[{"count":0,"href":"https:\/\/www.unaq.edu.mx\/en\/wp-json\/wp\/v2\/posts\/4813\/revisions"}],"wp:attachment":[{"href":"https:\/\/www.unaq.edu.mx\/en\/wp-json\/wp\/v2\/media?parent=4813"}],"wp:term":[{"taxonomy":"category","embeddable":true,"href":"https:\/\/www.unaq.edu.mx\/en\/wp-json\/wp\/v2\/categories?post=4813"},{"taxonomy":"post_tag","embeddable":true,"href":"https:\/\/www.unaq.edu.mx\/en\/wp-json\/wp\/v2\/tags?post=4813"}],"curies":[{"name":"wp","href":"https:\/\/api.w.org\/{rel}","templated":true}]}}