{"id":4221,"date":"2018-09-20T12:14:53","date_gmt":"2018-09-20T17:14:53","guid":{"rendered":"https:\/\/www.unaq.edu.mx\/?p=4221"},"modified":"2018-09-20T12:14:53","modified_gmt":"2018-09-20T17:14:53","slug":"rosario-aviles-imparte-conferencia-mujeres-en-la-aviacion-pasado-presente-y-futuro","status":"publish","type":"post","link":"https:\/\/www.unaq.edu.mx\/en\/noticias\/rosario-aviles-imparte-conferencia-mujeres-en-la-aviacion-pasado-presente-y-futuro\/","title":{"rendered":"Rosario Avil\u00e9s imparte conferencia &#8220;Mujeres en la aviaci\u00f3n: pasado, presente y futuro&#8221;."},"content":{"rendered":"<p>Invitada por la asociaci\u00f3n &#8220;10,000 mujeres por M\u00e9xico&#8221;, se present\u00f3 en la UNAQ la periodista Rosario Avil\u00e9s con la conferencia \u201cMujeres en la Aviaci\u00f3n:\u00a0 Pasado, presente y futuro\u201d ala que asistieron estudiantes, profesores y publico general.<\/p>\n<p>Rosario Avil\u00e9s cuenta con 35 a\u00f1os de experiencia como reportera, editora, Coordinadora y directora editorial en diversas publicaciones.<\/p>\n<p>Desde hace 23 a\u00f1os analiza los temas m\u00e1s importantes del sector transporte a\u00e9reo; opiniones que se difunden a trav\u00e9s de su columna \u201cDespegues y Aterrizajes\u201d y sus comentarios en televisi\u00f3n y revistas especializadas.<\/p>\n<p>Es socia fundadora y columnista del portal Aviaci\u00f3n 21 (A21), que se ha ganado ya un lugar como referente sobre los temas de aviaci\u00f3n en el pa\u00eds.\u00a0Fue editora de la Revista H\u00e9lice (\u00f3rgano de difusi\u00f3n de la Asociaci\u00f3n Sindical de Pilotos Aviadores de M\u00e9xico) de 1984 a 1992.<\/p>\n<p>Desde 1995 mantiene la columna de opini\u00f3n especializada en temas de transporte a\u00e9reo \u201cDespegues y Aterrizajes\u201d. Misma que se ha publicado en El Financiero, Uno m\u00e1s uno y Milenio.\u00a0Actualmente \u201cDespegues y Aterrizajes\u201d puede leerse todos los martes en La Cr\u00f3nica de Hoy.<\/p>\n<p>Sostiene colaboraciones de aviaci\u00f3n en las revistas: Aviaci\u00f3n Internacional, Transporte Siglo XXI, Entre L\u00edneas, El Semanario, Obras de Grupo Expansi\u00f3n y Revista A\u00e9rea editada en Nueva York.<\/p>\n<p>En el marco de la conferencia, la periodista y columnista de temas de aviaci\u00f3n, present\u00f3 una l\u00ednea del tiempo sobre la participaci\u00f3n de las mujeres en el sector, y se\u00f1al\u00f3 que actualmente en M\u00e9xico las mujeres representan el 2.4% de operadores de aeronaves\u00a0 de\u00a0 poco m\u00e1s de tres mil tripulantes (de acuerdo con datos de la DGAC), y en la Fuerza A\u00e9rea Mexicana (FAM) solo hay 12 pilotos mujeres.<\/p>\n<p>Con base en dichos datos, indic\u00f3 que gradualmente se esta generando una inclusi\u00f3n de las mujeres en el sector, sin embargo a\u00fan hay &#8220;mucho camino por recorrer&#8221; y reconoci\u00f3 la labor de diversas empresas as\u00ed como de las autoridades para generar pol\u00edticas publicas incluyentes.<\/p>\n<p>&nbsp;<\/p>","protected":false},"excerpt":{"rendered":"<p>Invitada por la asociaci\u00f3n &#8220;10,000 mujeres por M\u00e9xico&#8221;, se present\u00f3 en la UNAQ la periodista Rosario Avil\u00e9s con la conferencia \u201cMujeres en la Aviaci\u00f3n:\u00a0 Pasado, presente y futuro\u201d ala que asistieron estudiantes, profesores y publico general. Rosario Avil\u00e9s cuenta con 35 a\u00f1os de experiencia como reportera, editora, Coordinadora y directora editorial en diversas publicaciones. Desde [&hellip;]<\/p>\n","protected":false},"author":1,"featured_media":4222,"comment_status":"closed","ping_status":"closed","sticky":false,"template":"","format":"standard","meta":{"footnotes":""},"categories":[3],"tags":[],"class_list":["post-4221","post","type-post","status-publish","format-standard","has-post-thumbnail","hentry","category-noticias"],"yoast_head":"<!-- This site is optimized with the Yoast SEO plugin v28.3 - https:\/\/yoast.com\/product\/yoast-seo-wordpress\/ -->\n<title>Rosario Avil\u00e9s imparte conferencia &quot;Mujeres en la aviaci\u00f3n: pasado, presente y futuro&quot;. - UNAQ - Universidad Aeron&aacute;utica en Quer&eacute;taro<\/title>\n<meta name=\"robots\" content=\"index, follow, max-snippet:-1, max-image-preview:large, max-video-preview:-1\" \/>\n<link rel=\"canonical\" href=\"https:\/\/www.unaq.edu.mx\/en\/noticias\/rosario-aviles-imparte-conferencia-mujeres-en-la-aviacion-pasado-presente-y-futuro\/\" \/>\n<meta property=\"og:locale\" content=\"en_US\" \/>\n<meta property=\"og:type\" content=\"article\" \/>\n<meta property=\"og:title\" content=\"Rosario Avil\u00e9s imparte conferencia &quot;Mujeres en la aviaci\u00f3n: pasado, presente y futuro&quot;. - UNAQ - Universidad Aeron&aacute;utica en Quer&eacute;taro\" \/>\n<meta property=\"og:description\" content=\"Invitada por la asociaci\u00f3n &#8220;10,000 mujeres por M\u00e9xico&#8221;, se present\u00f3 en la UNAQ la periodista Rosario Avil\u00e9s con la conferencia \u201cMujeres en la Aviaci\u00f3n:\u00a0 Pasado, presente y futuro\u201d ala que asistieron estudiantes, profesores y publico general. Rosario Avil\u00e9s cuenta con 35 a\u00f1os de experiencia como reportera, editora, Coordinadora y directora editorial en diversas publicaciones. Desde [&hellip;]\" \/>\n<meta property=\"og:url\" content=\"https:\/\/www.unaq.edu.mx\/en\/noticias\/rosario-aviles-imparte-conferencia-mujeres-en-la-aviacion-pasado-presente-y-futuro\/\" \/>\n<meta property=\"og:site_name\" content=\"UNAQ - Universidad Aeron&aacute;utica en Quer&eacute;taro\" \/>\n<meta property=\"article:publisher\" content=\"https:\/\/www.facebook.com\/UNAQMX\/\" \/>\n<meta property=\"article:published_time\" content=\"2018-09-20T17:14:53+00:00\" \/>\n<meta name=\"author\" content=\"admin\" \/>\n<meta name=\"twitter:card\" content=\"summary_large_image\" \/>\n<meta name=\"twitter:creator\" content=\"@UNAQmx\" \/>\n<meta name=\"twitter:site\" content=\"@UNAQmx\" \/>\n<meta name=\"twitter:label1\" content=\"Written by\" \/>\n\t<meta name=\"twitter:data1\" content=\"admin\" \/>\n\t<meta name=\"twitter:label2\" content=\"Est. reading time\" \/>\n\t<meta name=\"twitter:data2\" content=\"2 minutes\" \/>\n<script type=\"application\/ld+json\" class=\"yoast-schema-graph\">{\"@context\":\"https:\\\/\\\/schema.org\",\"@graph\":[{\"@type\":\"Article\",\"@id\":\"https:\\\/\\\/www.unaq.edu.mx\\\/noticias\\\/rosario-aviles-imparte-conferencia-mujeres-en-la-aviacion-pasado-presente-y-futuro\\\/#article\",\"isPartOf\":{\"@id\":\"https:\\\/\\\/www.unaq.edu.mx\\\/noticias\\\/rosario-aviles-imparte-conferencia-mujeres-en-la-aviacion-pasado-presente-y-futuro\\\/\"},\"author\":{\"name\":\"admin\",\"@id\":\"https:\\\/\\\/www.unaq.edu.mx\\\/#\\\/schema\\\/person\\\/24f098aa1760e7c165d176625485f080\"},\"headline\":\"Rosario Avil\u00e9s imparte conferencia &#8220;Mujeres en la aviaci\u00f3n: pasado, presente y futuro&#8221;.\",\"datePublished\":\"2018-09-20T17:14:53+00:00\",\"mainEntityOfPage\":{\"@id\":\"https:\\\/\\\/www.unaq.edu.mx\\\/noticias\\\/rosario-aviles-imparte-conferencia-mujeres-en-la-aviacion-pasado-presente-y-futuro\\\/\"},\"wordCount\":362,\"publisher\":{\"@id\":\"https:\\\/\\\/www.unaq.edu.mx\\\/#organization\"},\"image\":{\"@id\":\"https:\\\/\\\/www.unaq.edu.mx\\\/noticias\\\/rosario-aviles-imparte-conferencia-mujeres-en-la-aviacion-pasado-presente-y-futuro\\\/#primaryimage\"},\"thumbnailUrl\":\"\",\"articleSection\":[\"Noticias\"],\"inLanguage\":\"en-US\"},{\"@type\":\"WebPage\",\"@id\":\"https:\\\/\\\/www.unaq.edu.mx\\\/noticias\\\/rosario-aviles-imparte-conferencia-mujeres-en-la-aviacion-pasado-presente-y-futuro\\\/\",\"url\":\"https:\\\/\\\/www.unaq.edu.mx\\\/noticias\\\/rosario-aviles-imparte-conferencia-mujeres-en-la-aviacion-pasado-presente-y-futuro\\\/\",\"name\":\"Rosario Avil\u00e9s imparte conferencia \\\"Mujeres en la aviaci\u00f3n: pasado, presente y futuro\\\". - UNAQ - Universidad Aeron&aacute;utica en Quer&eacute;taro\",\"isPartOf\":{\"@id\":\"https:\\\/\\\/www.unaq.edu.mx\\\/#website\"},\"primaryImageOfPage\":{\"@id\":\"https:\\\/\\\/www.unaq.edu.mx\\\/noticias\\\/rosario-aviles-imparte-conferencia-mujeres-en-la-aviacion-pasado-presente-y-futuro\\\/#primaryimage\"},\"image\":{\"@id\":\"https:\\\/\\\/www.unaq.edu.mx\\\/noticias\\\/rosario-aviles-imparte-conferencia-mujeres-en-la-aviacion-pasado-presente-y-futuro\\\/#primaryimage\"},\"thumbnailUrl\":\"\",\"datePublished\":\"2018-09-20T17:14:53+00:00\",\"breadcrumb\":{\"@id\":\"https:\\\/\\\/www.unaq.edu.mx\\\/noticias\\\/rosario-aviles-imparte-conferencia-mujeres-en-la-aviacion-pasado-presente-y-futuro\\\/#breadcrumb\"},\"inLanguage\":\"en-US\",\"potentialAction\":[{\"@type\":\"ReadAction\",\"target\":[\"https:\\\/\\\/www.unaq.edu.mx\\\/noticias\\\/rosario-aviles-imparte-conferencia-mujeres-en-la-aviacion-pasado-presente-y-futuro\\\/\"]}]},{\"@type\":\"ImageObject\",\"inLanguage\":\"en-US\",\"@id\":\"https:\\\/\\\/www.unaq.edu.mx\\\/noticias\\\/rosario-aviles-imparte-conferencia-mujeres-en-la-aviacion-pasado-presente-y-futuro\\\/#primaryimage\",\"url\":\"\",\"contentUrl\":\"\"},{\"@type\":\"BreadcrumbList\",\"@id\":\"https:\\\/\\\/www.unaq.edu.mx\\\/noticias\\\/rosario-aviles-imparte-conferencia-mujeres-en-la-aviacion-pasado-presente-y-futuro\\\/#breadcrumb\",\"itemListElement\":[{\"@type\":\"ListItem\",\"position\":1,\"name\":\"Portada\",\"item\":\"https:\\\/\\\/www.unaq.edu.mx\\\/\"},{\"@type\":\"ListItem\",\"position\":2,\"name\":\"Rosario Avil\u00e9s imparte conferencia \u00abMujeres en la aviaci\u00f3n: pasado, presente y futuro\u00bb.\"}]},{\"@type\":\"WebSite\",\"@id\":\"https:\\\/\\\/www.unaq.edu.mx\\\/#website\",\"url\":\"https:\\\/\\\/www.unaq.edu.mx\\\/\",\"name\":\"UNAQ - Universidad Aeron\u00e1utica en Quer\u00e9taro\",\"description\":\"Formamos profesionales e investigadores para el sector aeron&aacute;utico, con valores, conocimientos, competencias y reconocimiento nacional e internacional, basado en un modelo educativo abierto, flexible, pertinente y estrechamente vinculado, para el desarrollo social, econ&oacute;mico y cultural de M&eacute;xico.\",\"publisher\":{\"@id\":\"https:\\\/\\\/www.unaq.edu.mx\\\/#organization\"},\"potentialAction\":[{\"@type\":\"SearchAction\",\"target\":{\"@type\":\"EntryPoint\",\"urlTemplate\":\"https:\\\/\\\/www.unaq.edu.mx\\\/?s={search_term_string}\"},\"query-input\":{\"@type\":\"PropertyValueSpecification\",\"valueRequired\":true,\"valueName\":\"search_term_string\"}}],\"inLanguage\":\"en-US\"},{\"@type\":\"Organization\",\"@id\":\"https:\\\/\\\/www.unaq.edu.mx\\\/#organization\",\"name\":\"Universidad Aeron\u00e1utica en Quer\u00e9taro\",\"url\":\"https:\\\/\\\/www.unaq.edu.mx\\\/\",\"logo\":{\"@type\":\"ImageObject\",\"inLanguage\":\"en-US\",\"@id\":\"https:\\\/\\\/www.unaq.edu.mx\\\/#\\\/schema\\\/logo\\\/image\\\/\",\"url\":\"https:\\\/\\\/www.unaq.edu.mx\\\/wp-content\\\/uploads\\\/2022\\\/04\\\/Logo_UNAQ.png\",\"contentUrl\":\"https:\\\/\\\/www.unaq.edu.mx\\\/wp-content\\\/uploads\\\/2022\\\/04\\\/Logo_UNAQ.png\",\"width\":648,\"height\":284,\"caption\":\"Universidad Aeron\u00e1utica en Quer\u00e9taro\"},\"image\":{\"@id\":\"https:\\\/\\\/www.unaq.edu.mx\\\/#\\\/schema\\\/logo\\\/image\\\/\"},\"sameAs\":[\"https:\\\/\\\/www.facebook.com\\\/UNAQMX\\\/\",\"https:\\\/\\\/x.com\\\/UNAQmx\",\"https:\\\/\\\/www.linkedin.com\\\/company\\\/unaq\",\"https:\\\/\\\/www.youtube.com\\\/user\\\/UNAQMX\"]},{\"@type\":\"Person\",\"@id\":\"https:\\\/\\\/www.unaq.edu.mx\\\/#\\\/schema\\\/person\\\/24f098aa1760e7c165d176625485f080\",\"name\":\"admin\",\"sameAs\":[\"https:\\\/\\\/www.unaq.edu.mx\"],\"url\":\"https:\\\/\\\/www.unaq.edu.mx\\\/en\\\/author\\\/admin\\\/\"}]}<\/script>\n<!-- \/ Yoast SEO plugin. -->","yoast_head_json":{"title":"Rosario Avil\u00e9s imparte conferencia \"Mujeres en la aviaci\u00f3n: pasado, presente y futuro\". - UNAQ - Universidad Aeron&aacute;utica en Quer&eacute;taro","robots":{"index":"index","follow":"follow","max-snippet":"max-snippet:-1","max-image-preview":"max-image-preview:large","max-video-preview":"max-video-preview:-1"},"canonical":"https:\/\/www.unaq.edu.mx\/en\/noticias\/rosario-aviles-imparte-conferencia-mujeres-en-la-aviacion-pasado-presente-y-futuro\/","og_locale":"en_US","og_type":"article","og_title":"Rosario Avil\u00e9s imparte conferencia \"Mujeres en la aviaci\u00f3n: pasado, presente y futuro\". - UNAQ - Universidad Aeron&aacute;utica en Quer&eacute;taro","og_description":"Invitada por la asociaci\u00f3n &#8220;10,000 mujeres por M\u00e9xico&#8221;, se present\u00f3 en la UNAQ la periodista Rosario Avil\u00e9s con la conferencia \u201cMujeres en la Aviaci\u00f3n:\u00a0 Pasado, presente y futuro\u201d ala que asistieron estudiantes, profesores y publico general. Rosario Avil\u00e9s cuenta con 35 a\u00f1os de experiencia como reportera, editora, Coordinadora y directora editorial en diversas publicaciones. Desde [&hellip;]","og_url":"https:\/\/www.unaq.edu.mx\/en\/noticias\/rosario-aviles-imparte-conferencia-mujeres-en-la-aviacion-pasado-presente-y-futuro\/","og_site_name":"UNAQ - Universidad Aeron&aacute;utica en Quer&eacute;taro","article_publisher":"https:\/\/www.facebook.com\/UNAQMX\/","article_published_time":"2018-09-20T17:14:53+00:00","author":"admin","twitter_card":"summary_large_image","twitter_creator":"@UNAQmx","twitter_site":"@UNAQmx","twitter_misc":{"Written by":"admin","Est. reading time":"2 minutes"},"schema":{"@context":"https:\/\/schema.org","@graph":[{"@type":"Article","@id":"https:\/\/www.unaq.edu.mx\/noticias\/rosario-aviles-imparte-conferencia-mujeres-en-la-aviacion-pasado-presente-y-futuro\/#article","isPartOf":{"@id":"https:\/\/www.unaq.edu.mx\/noticias\/rosario-aviles-imparte-conferencia-mujeres-en-la-aviacion-pasado-presente-y-futuro\/"},"author":{"name":"admin","@id":"https:\/\/www.unaq.edu.mx\/#\/schema\/person\/24f098aa1760e7c165d176625485f080"},"headline":"Rosario Avil\u00e9s imparte conferencia &#8220;Mujeres en la aviaci\u00f3n: pasado, presente y futuro&#8221;.","datePublished":"2018-09-20T17:14:53+00:00","mainEntityOfPage":{"@id":"https:\/\/www.unaq.edu.mx\/noticias\/rosario-aviles-imparte-conferencia-mujeres-en-la-aviacion-pasado-presente-y-futuro\/"},"wordCount":362,"publisher":{"@id":"https:\/\/www.unaq.edu.mx\/#organization"},"image":{"@id":"https:\/\/www.unaq.edu.mx\/noticias\/rosario-aviles-imparte-conferencia-mujeres-en-la-aviacion-pasado-presente-y-futuro\/#primaryimage"},"thumbnailUrl":"","articleSection":["Noticias"],"inLanguage":"en-US"},{"@type":"WebPage","@id":"https:\/\/www.unaq.edu.mx\/noticias\/rosario-aviles-imparte-conferencia-mujeres-en-la-aviacion-pasado-presente-y-futuro\/","url":"https:\/\/www.unaq.edu.mx\/noticias\/rosario-aviles-imparte-conferencia-mujeres-en-la-aviacion-pasado-presente-y-futuro\/","name":"Rosario Avil\u00e9s imparte conferencia \"Mujeres en la aviaci\u00f3n: pasado, presente y futuro\". - UNAQ - Universidad Aeron&aacute;utica en Quer&eacute;taro","isPartOf":{"@id":"https:\/\/www.unaq.edu.mx\/#website"},"primaryImageOfPage":{"@id":"https:\/\/www.unaq.edu.mx\/noticias\/rosario-aviles-imparte-conferencia-mujeres-en-la-aviacion-pasado-presente-y-futuro\/#primaryimage"},"image":{"@id":"https:\/\/www.unaq.edu.mx\/noticias\/rosario-aviles-imparte-conferencia-mujeres-en-la-aviacion-pasado-presente-y-futuro\/#primaryimage"},"thumbnailUrl":"","datePublished":"2018-09-20T17:14:53+00:00","breadcrumb":{"@id":"https:\/\/www.unaq.edu.mx\/noticias\/rosario-aviles-imparte-conferencia-mujeres-en-la-aviacion-pasado-presente-y-futuro\/#breadcrumb"},"inLanguage":"en-US","potentialAction":[{"@type":"ReadAction","target":["https:\/\/www.unaq.edu.mx\/noticias\/rosario-aviles-imparte-conferencia-mujeres-en-la-aviacion-pasado-presente-y-futuro\/"]}]},{"@type":"ImageObject","inLanguage":"en-US","@id":"https:\/\/www.unaq.edu.mx\/noticias\/rosario-aviles-imparte-conferencia-mujeres-en-la-aviacion-pasado-presente-y-futuro\/#primaryimage","url":"","contentUrl":""},{"@type":"BreadcrumbList","@id":"https:\/\/www.unaq.edu.mx\/noticias\/rosario-aviles-imparte-conferencia-mujeres-en-la-aviacion-pasado-presente-y-futuro\/#breadcrumb","itemListElement":[{"@type":"ListItem","position":1,"name":"Portada","item":"https:\/\/www.unaq.edu.mx\/"},{"@type":"ListItem","position":2,"name":"Rosario Avil\u00e9s imparte conferencia \u00abMujeres en la aviaci\u00f3n: pasado, presente y futuro\u00bb."}]},{"@type":"WebSite","@id":"https:\/\/www.unaq.edu.mx\/#website","url":"https:\/\/www.unaq.edu.mx\/","name":"UNAQ - Universidad Aeron\u00e1utica en Quer\u00e9taro","description":"Formamos profesionales e investigadores para el sector aeron&aacute;utico, con valores, conocimientos, competencias y reconocimiento nacional e internacional, basado en un modelo educativo abierto, flexible, pertinente y estrechamente vinculado, para el desarrollo social, econ&oacute;mico y cultural de M&eacute;xico.","publisher":{"@id":"https:\/\/www.unaq.edu.mx\/#organization"},"potentialAction":[{"@type":"SearchAction","target":{"@type":"EntryPoint","urlTemplate":"https:\/\/www.unaq.edu.mx\/?s={search_term_string}"},"query-input":{"@type":"PropertyValueSpecification","valueRequired":true,"valueName":"search_term_string"}}],"inLanguage":"en-US"},{"@type":"Organization","@id":"https:\/\/www.unaq.edu.mx\/#organization","name":"Universidad Aeron\u00e1utica en Quer\u00e9taro","url":"https:\/\/www.unaq.edu.mx\/","logo":{"@type":"ImageObject","inLanguage":"en-US","@id":"https:\/\/www.unaq.edu.mx\/#\/schema\/logo\/image\/","url":"https:\/\/www.unaq.edu.mx\/wp-content\/uploads\/2022\/04\/Logo_UNAQ.png","contentUrl":"https:\/\/www.unaq.edu.mx\/wp-content\/uploads\/2022\/04\/Logo_UNAQ.png","width":648,"height":284,"caption":"Universidad Aeron\u00e1utica en Quer\u00e9taro"},"image":{"@id":"https:\/\/www.unaq.edu.mx\/#\/schema\/logo\/image\/"},"sameAs":["https:\/\/www.facebook.com\/UNAQMX\/","https:\/\/x.com\/UNAQmx","https:\/\/www.linkedin.com\/company\/unaq","https:\/\/www.youtube.com\/user\/UNAQMX"]},{"@type":"Person","@id":"https:\/\/www.unaq.edu.mx\/#\/schema\/person\/24f098aa1760e7c165d176625485f080","name":"admin","sameAs":["https:\/\/www.unaq.edu.mx"],"url":"https:\/\/www.unaq.edu.mx\/en\/author\/admin\/"}]}},"_links":{"self":[{"href":"https:\/\/www.unaq.edu.mx\/en\/wp-json\/wp\/v2\/posts\/4221","targetHints":{"allow":["GET"]}}],"collection":[{"href":"https:\/\/www.unaq.edu.mx\/en\/wp-json\/wp\/v2\/posts"}],"about":[{"href":"https:\/\/www.unaq.edu.mx\/en\/wp-json\/wp\/v2\/types\/post"}],"author":[{"embeddable":true,"href":"https:\/\/www.unaq.edu.mx\/en\/wp-json\/wp\/v2\/users\/1"}],"replies":[{"embeddable":true,"href":"https:\/\/www.unaq.edu.mx\/en\/wp-json\/wp\/v2\/comments?post=4221"}],"version-history":[{"count":0,"href":"https:\/\/www.unaq.edu.mx\/en\/wp-json\/wp\/v2\/posts\/4221\/revisions"}],"wp:attachment":[{"href":"https:\/\/www.unaq.edu.mx\/en\/wp-json\/wp\/v2\/media?parent=4221"}],"wp:term":[{"taxonomy":"category","embeddable":true,"href":"https:\/\/www.unaq.edu.mx\/en\/wp-json\/wp\/v2\/categories?post=4221"},{"taxonomy":"post_tag","embeddable":true,"href":"https:\/\/www.unaq.edu.mx\/en\/wp-json\/wp\/v2\/tags?post=4221"}],"curies":[{"name":"wp","href":"https:\/\/api.w.org\/{rel}","templated":true}]}}