{"id":2827,"date":"2017-11-23T11:52:50","date_gmt":"2017-11-23T17:52:50","guid":{"rendered":"https:\/\/www.unaq.edu.mx\/?p=2827"},"modified":"2017-11-23T11:52:50","modified_gmt":"2017-11-23T17:52:50","slug":"celebra-unaq-decimo-aniversario","status":"publish","type":"post","link":"https:\/\/www.unaq.edu.mx\/en\/noticias\/celebra-unaq-decimo-aniversario\/","title":{"rendered":"Celebra UNAQ d\u00e9cimo aniversario"},"content":{"rendered":"<p>23 de Noviembre del 2017. La ceremonia celebraci\u00f3n por el 10mo aniversario estuvo encabezada por el gobernador del estado, Francisco Dom\u00ednguez Servi\u00e9n, quien destac\u00f3 que la Universidad Aeron\u00e1utica en Quer\u00e9taro, es una pieza fundamental para el crecimiento del modelo de la triple h\u00e9lice que vincula a la academia, a la industria y al gobierno. Por su parte, el vicepresidente de Bombardier M\u00e9xico y el Presidente de la Federaci\u00f3n Mexicana de la Industria Aeroespacial, Carlos Robles, destac\u00f3 que la UNAQ es un modelo para el pa\u00eds y orgullo a nivel mundial. Report\u00f3 que en Bombardier hay m\u00e1s de mil 800 operadores graduados de esta universidad. En este marco, se llev\u00f3 a cabo la entrega del Ala Delta al rector de la UNAQ, Jorge Guti\u00e9rrez de Velasco, por parte de algunos alumnos de la primera generaci\u00f3n. En el evento tambi\u00e9n estuvieron presentes: Marco Antonio del Prete Tercero, titular de la Secretar\u00eda de Desarrollo Sustentable; Tania Palacios Kuri, Secretaria de la Juventud del Estado de Quer\u00e9taro; Jos\u00e9 Alejandro Ochoa Valencia, Presidente Municipal de Col\u00f3n; Alfredo Botello Montes, Secretario de Educaci\u00f3n del Estado de Quer\u00e9taro, entre otros.<\/p>\n<p>&nbsp;<\/p>\n\n<p>&nbsp;<\/p>","protected":false},"excerpt":{"rendered":"<p>23 de Noviembre del 2017. La ceremonia celebraci\u00f3n por el 10mo aniversario estuvo encabezada por el gobernador del estado, Francisco Dom\u00ednguez Servi\u00e9n, quien destac\u00f3 que la Universidad Aeron\u00e1utica en Quer\u00e9taro, es una pieza fundamental para el crecimiento del modelo de la triple h\u00e9lice que vincula a la academia, a la industria y al gobierno. Por [&hellip;]<\/p>\n","protected":false},"author":1,"featured_media":2828,"comment_status":"closed","ping_status":"closed","sticky":false,"template":"","format":"standard","meta":{"footnotes":""},"categories":[3],"tags":[],"class_list":["post-2827","post","type-post","status-publish","format-standard","has-post-thumbnail","hentry","category-noticias"],"yoast_head":"<!-- This site is optimized with the Yoast SEO plugin v28.3 - https:\/\/yoast.com\/product\/yoast-seo-wordpress\/ -->\n<title>Celebra UNAQ d\u00e9cimo aniversario - UNAQ - Universidad Aeron&aacute;utica en Quer&eacute;taro<\/title>\n<meta name=\"robots\" content=\"index, follow, max-snippet:-1, max-image-preview:large, max-video-preview:-1\" \/>\n<link rel=\"canonical\" href=\"https:\/\/www.unaq.edu.mx\/en\/noticias\/celebra-unaq-decimo-aniversario\/\" \/>\n<meta property=\"og:locale\" content=\"en_US\" \/>\n<meta property=\"og:type\" content=\"article\" \/>\n<meta property=\"og:title\" content=\"Celebra UNAQ d\u00e9cimo aniversario - UNAQ - Universidad Aeron&aacute;utica en Quer&eacute;taro\" \/>\n<meta property=\"og:description\" content=\"23 de Noviembre del 2017. La ceremonia celebraci\u00f3n por el 10mo aniversario estuvo encabezada por el gobernador del estado, Francisco Dom\u00ednguez Servi\u00e9n, quien destac\u00f3 que la Universidad Aeron\u00e1utica en Quer\u00e9taro, es una pieza fundamental para el crecimiento del modelo de la triple h\u00e9lice que vincula a la academia, a la industria y al gobierno. Por [&hellip;]\" \/>\n<meta property=\"og:url\" content=\"https:\/\/www.unaq.edu.mx\/en\/noticias\/celebra-unaq-decimo-aniversario\/\" \/>\n<meta property=\"og:site_name\" content=\"UNAQ - Universidad Aeron&aacute;utica en Quer&eacute;taro\" \/>\n<meta property=\"article:publisher\" content=\"https:\/\/www.facebook.com\/UNAQMX\/\" \/>\n<meta property=\"article:published_time\" content=\"2017-11-23T17:52:50+00:00\" \/>\n<meta name=\"author\" content=\"admin\" \/>\n<meta name=\"twitter:card\" content=\"summary_large_image\" \/>\n<meta name=\"twitter:creator\" content=\"@UNAQmx\" \/>\n<meta name=\"twitter:site\" content=\"@UNAQmx\" \/>\n<meta name=\"twitter:label1\" content=\"Written by\" \/>\n\t<meta name=\"twitter:data1\" content=\"admin\" \/>\n\t<meta name=\"twitter:label2\" content=\"Est. reading time\" \/>\n\t<meta name=\"twitter:data2\" content=\"1 minute\" \/>\n<script type=\"application\/ld+json\" class=\"yoast-schema-graph\">{\"@context\":\"https:\\\/\\\/schema.org\",\"@graph\":[{\"@type\":\"Article\",\"@id\":\"https:\\\/\\\/www.unaq.edu.mx\\\/noticias\\\/celebra-unaq-decimo-aniversario\\\/#article\",\"isPartOf\":{\"@id\":\"https:\\\/\\\/www.unaq.edu.mx\\\/noticias\\\/celebra-unaq-decimo-aniversario\\\/\"},\"author\":{\"name\":\"admin\",\"@id\":\"https:\\\/\\\/www.unaq.edu.mx\\\/#\\\/schema\\\/person\\\/24f098aa1760e7c165d176625485f080\"},\"headline\":\"Celebra UNAQ d\u00e9cimo aniversario\",\"datePublished\":\"2017-11-23T17:52:50+00:00\",\"mainEntityOfPage\":{\"@id\":\"https:\\\/\\\/www.unaq.edu.mx\\\/noticias\\\/celebra-unaq-decimo-aniversario\\\/\"},\"wordCount\":207,\"publisher\":{\"@id\":\"https:\\\/\\\/www.unaq.edu.mx\\\/#organization\"},\"image\":{\"@id\":\"https:\\\/\\\/www.unaq.edu.mx\\\/noticias\\\/celebra-unaq-decimo-aniversario\\\/#primaryimage\"},\"thumbnailUrl\":\"\",\"articleSection\":[\"Noticias\"],\"inLanguage\":\"en-US\"},{\"@type\":\"WebPage\",\"@id\":\"https:\\\/\\\/www.unaq.edu.mx\\\/noticias\\\/celebra-unaq-decimo-aniversario\\\/\",\"url\":\"https:\\\/\\\/www.unaq.edu.mx\\\/noticias\\\/celebra-unaq-decimo-aniversario\\\/\",\"name\":\"Celebra UNAQ d\u00e9cimo aniversario - UNAQ - Universidad Aeron&aacute;utica en Quer&eacute;taro\",\"isPartOf\":{\"@id\":\"https:\\\/\\\/www.unaq.edu.mx\\\/#website\"},\"primaryImageOfPage\":{\"@id\":\"https:\\\/\\\/www.unaq.edu.mx\\\/noticias\\\/celebra-unaq-decimo-aniversario\\\/#primaryimage\"},\"image\":{\"@id\":\"https:\\\/\\\/www.unaq.edu.mx\\\/noticias\\\/celebra-unaq-decimo-aniversario\\\/#primaryimage\"},\"thumbnailUrl\":\"\",\"datePublished\":\"2017-11-23T17:52:50+00:00\",\"breadcrumb\":{\"@id\":\"https:\\\/\\\/www.unaq.edu.mx\\\/noticias\\\/celebra-unaq-decimo-aniversario\\\/#breadcrumb\"},\"inLanguage\":\"en-US\",\"potentialAction\":[{\"@type\":\"ReadAction\",\"target\":[\"https:\\\/\\\/www.unaq.edu.mx\\\/noticias\\\/celebra-unaq-decimo-aniversario\\\/\"]}]},{\"@type\":\"ImageObject\",\"inLanguage\":\"en-US\",\"@id\":\"https:\\\/\\\/www.unaq.edu.mx\\\/noticias\\\/celebra-unaq-decimo-aniversario\\\/#primaryimage\",\"url\":\"\",\"contentUrl\":\"\"},{\"@type\":\"BreadcrumbList\",\"@id\":\"https:\\\/\\\/www.unaq.edu.mx\\\/noticias\\\/celebra-unaq-decimo-aniversario\\\/#breadcrumb\",\"itemListElement\":[{\"@type\":\"ListItem\",\"position\":1,\"name\":\"Portada\",\"item\":\"https:\\\/\\\/www.unaq.edu.mx\\\/\"},{\"@type\":\"ListItem\",\"position\":2,\"name\":\"Celebra UNAQ d\u00e9cimo aniversario\"}]},{\"@type\":\"WebSite\",\"@id\":\"https:\\\/\\\/www.unaq.edu.mx\\\/#website\",\"url\":\"https:\\\/\\\/www.unaq.edu.mx\\\/\",\"name\":\"UNAQ - Universidad Aeron\u00e1utica en Quer\u00e9taro\",\"description\":\"Formamos profesionales e investigadores para el sector aeron&aacute;utico, con valores, conocimientos, competencias y reconocimiento nacional e internacional, basado en un modelo educativo abierto, flexible, pertinente y estrechamente vinculado, para el desarrollo social, econ&oacute;mico y cultural de M&eacute;xico.\",\"publisher\":{\"@id\":\"https:\\\/\\\/www.unaq.edu.mx\\\/#organization\"},\"potentialAction\":[{\"@type\":\"SearchAction\",\"target\":{\"@type\":\"EntryPoint\",\"urlTemplate\":\"https:\\\/\\\/www.unaq.edu.mx\\\/?s={search_term_string}\"},\"query-input\":{\"@type\":\"PropertyValueSpecification\",\"valueRequired\":true,\"valueName\":\"search_term_string\"}}],\"inLanguage\":\"en-US\"},{\"@type\":\"Organization\",\"@id\":\"https:\\\/\\\/www.unaq.edu.mx\\\/#organization\",\"name\":\"Universidad Aeron\u00e1utica en Quer\u00e9taro\",\"url\":\"https:\\\/\\\/www.unaq.edu.mx\\\/\",\"logo\":{\"@type\":\"ImageObject\",\"inLanguage\":\"en-US\",\"@id\":\"https:\\\/\\\/www.unaq.edu.mx\\\/#\\\/schema\\\/logo\\\/image\\\/\",\"url\":\"https:\\\/\\\/www.unaq.edu.mx\\\/wp-content\\\/uploads\\\/2022\\\/04\\\/Logo_UNAQ.png\",\"contentUrl\":\"https:\\\/\\\/www.unaq.edu.mx\\\/wp-content\\\/uploads\\\/2022\\\/04\\\/Logo_UNAQ.png\",\"width\":648,\"height\":284,\"caption\":\"Universidad Aeron\u00e1utica en Quer\u00e9taro\"},\"image\":{\"@id\":\"https:\\\/\\\/www.unaq.edu.mx\\\/#\\\/schema\\\/logo\\\/image\\\/\"},\"sameAs\":[\"https:\\\/\\\/www.facebook.com\\\/UNAQMX\\\/\",\"https:\\\/\\\/x.com\\\/UNAQmx\",\"https:\\\/\\\/www.linkedin.com\\\/company\\\/unaq\",\"https:\\\/\\\/www.youtube.com\\\/user\\\/UNAQMX\"]},{\"@type\":\"Person\",\"@id\":\"https:\\\/\\\/www.unaq.edu.mx\\\/#\\\/schema\\\/person\\\/24f098aa1760e7c165d176625485f080\",\"name\":\"admin\",\"sameAs\":[\"https:\\\/\\\/www.unaq.edu.mx\"],\"url\":\"https:\\\/\\\/www.unaq.edu.mx\\\/en\\\/author\\\/admin\\\/\"}]}<\/script>\n<!-- \/ Yoast SEO plugin. -->","yoast_head_json":{"title":"Celebra UNAQ d\u00e9cimo aniversario - UNAQ - Universidad Aeron&aacute;utica en Quer&eacute;taro","robots":{"index":"index","follow":"follow","max-snippet":"max-snippet:-1","max-image-preview":"max-image-preview:large","max-video-preview":"max-video-preview:-1"},"canonical":"https:\/\/www.unaq.edu.mx\/en\/noticias\/celebra-unaq-decimo-aniversario\/","og_locale":"en_US","og_type":"article","og_title":"Celebra UNAQ d\u00e9cimo aniversario - UNAQ - Universidad Aeron&aacute;utica en Quer&eacute;taro","og_description":"23 de Noviembre del 2017. La ceremonia celebraci\u00f3n por el 10mo aniversario estuvo encabezada por el gobernador del estado, Francisco Dom\u00ednguez Servi\u00e9n, quien destac\u00f3 que la Universidad Aeron\u00e1utica en Quer\u00e9taro, es una pieza fundamental para el crecimiento del modelo de la triple h\u00e9lice que vincula a la academia, a la industria y al gobierno. Por [&hellip;]","og_url":"https:\/\/www.unaq.edu.mx\/en\/noticias\/celebra-unaq-decimo-aniversario\/","og_site_name":"UNAQ - Universidad Aeron&aacute;utica en Quer&eacute;taro","article_publisher":"https:\/\/www.facebook.com\/UNAQMX\/","article_published_time":"2017-11-23T17:52:50+00:00","author":"admin","twitter_card":"summary_large_image","twitter_creator":"@UNAQmx","twitter_site":"@UNAQmx","twitter_misc":{"Written by":"admin","Est. reading time":"1 minute"},"schema":{"@context":"https:\/\/schema.org","@graph":[{"@type":"Article","@id":"https:\/\/www.unaq.edu.mx\/noticias\/celebra-unaq-decimo-aniversario\/#article","isPartOf":{"@id":"https:\/\/www.unaq.edu.mx\/noticias\/celebra-unaq-decimo-aniversario\/"},"author":{"name":"admin","@id":"https:\/\/www.unaq.edu.mx\/#\/schema\/person\/24f098aa1760e7c165d176625485f080"},"headline":"Celebra UNAQ d\u00e9cimo aniversario","datePublished":"2017-11-23T17:52:50+00:00","mainEntityOfPage":{"@id":"https:\/\/www.unaq.edu.mx\/noticias\/celebra-unaq-decimo-aniversario\/"},"wordCount":207,"publisher":{"@id":"https:\/\/www.unaq.edu.mx\/#organization"},"image":{"@id":"https:\/\/www.unaq.edu.mx\/noticias\/celebra-unaq-decimo-aniversario\/#primaryimage"},"thumbnailUrl":"","articleSection":["Noticias"],"inLanguage":"en-US"},{"@type":"WebPage","@id":"https:\/\/www.unaq.edu.mx\/noticias\/celebra-unaq-decimo-aniversario\/","url":"https:\/\/www.unaq.edu.mx\/noticias\/celebra-unaq-decimo-aniversario\/","name":"Celebra UNAQ d\u00e9cimo aniversario - UNAQ - Universidad Aeron&aacute;utica en Quer&eacute;taro","isPartOf":{"@id":"https:\/\/www.unaq.edu.mx\/#website"},"primaryImageOfPage":{"@id":"https:\/\/www.unaq.edu.mx\/noticias\/celebra-unaq-decimo-aniversario\/#primaryimage"},"image":{"@id":"https:\/\/www.unaq.edu.mx\/noticias\/celebra-unaq-decimo-aniversario\/#primaryimage"},"thumbnailUrl":"","datePublished":"2017-11-23T17:52:50+00:00","breadcrumb":{"@id":"https:\/\/www.unaq.edu.mx\/noticias\/celebra-unaq-decimo-aniversario\/#breadcrumb"},"inLanguage":"en-US","potentialAction":[{"@type":"ReadAction","target":["https:\/\/www.unaq.edu.mx\/noticias\/celebra-unaq-decimo-aniversario\/"]}]},{"@type":"ImageObject","inLanguage":"en-US","@id":"https:\/\/www.unaq.edu.mx\/noticias\/celebra-unaq-decimo-aniversario\/#primaryimage","url":"","contentUrl":""},{"@type":"BreadcrumbList","@id":"https:\/\/www.unaq.edu.mx\/noticias\/celebra-unaq-decimo-aniversario\/#breadcrumb","itemListElement":[{"@type":"ListItem","position":1,"name":"Portada","item":"https:\/\/www.unaq.edu.mx\/"},{"@type":"ListItem","position":2,"name":"Celebra UNAQ d\u00e9cimo aniversario"}]},{"@type":"WebSite","@id":"https:\/\/www.unaq.edu.mx\/#website","url":"https:\/\/www.unaq.edu.mx\/","name":"UNAQ - Universidad Aeron\u00e1utica en Quer\u00e9taro","description":"Formamos profesionales e investigadores para el sector aeron&aacute;utico, con valores, conocimientos, competencias y reconocimiento nacional e internacional, basado en un modelo educativo abierto, flexible, pertinente y estrechamente vinculado, para el desarrollo social, econ&oacute;mico y cultural de M&eacute;xico.","publisher":{"@id":"https:\/\/www.unaq.edu.mx\/#organization"},"potentialAction":[{"@type":"SearchAction","target":{"@type":"EntryPoint","urlTemplate":"https:\/\/www.unaq.edu.mx\/?s={search_term_string}"},"query-input":{"@type":"PropertyValueSpecification","valueRequired":true,"valueName":"search_term_string"}}],"inLanguage":"en-US"},{"@type":"Organization","@id":"https:\/\/www.unaq.edu.mx\/#organization","name":"Universidad Aeron\u00e1utica en Quer\u00e9taro","url":"https:\/\/www.unaq.edu.mx\/","logo":{"@type":"ImageObject","inLanguage":"en-US","@id":"https:\/\/www.unaq.edu.mx\/#\/schema\/logo\/image\/","url":"https:\/\/www.unaq.edu.mx\/wp-content\/uploads\/2022\/04\/Logo_UNAQ.png","contentUrl":"https:\/\/www.unaq.edu.mx\/wp-content\/uploads\/2022\/04\/Logo_UNAQ.png","width":648,"height":284,"caption":"Universidad Aeron\u00e1utica en Quer\u00e9taro"},"image":{"@id":"https:\/\/www.unaq.edu.mx\/#\/schema\/logo\/image\/"},"sameAs":["https:\/\/www.facebook.com\/UNAQMX\/","https:\/\/x.com\/UNAQmx","https:\/\/www.linkedin.com\/company\/unaq","https:\/\/www.youtube.com\/user\/UNAQMX"]},{"@type":"Person","@id":"https:\/\/www.unaq.edu.mx\/#\/schema\/person\/24f098aa1760e7c165d176625485f080","name":"admin","sameAs":["https:\/\/www.unaq.edu.mx"],"url":"https:\/\/www.unaq.edu.mx\/en\/author\/admin\/"}]}},"_links":{"self":[{"href":"https:\/\/www.unaq.edu.mx\/en\/wp-json\/wp\/v2\/posts\/2827","targetHints":{"allow":["GET"]}}],"collection":[{"href":"https:\/\/www.unaq.edu.mx\/en\/wp-json\/wp\/v2\/posts"}],"about":[{"href":"https:\/\/www.unaq.edu.mx\/en\/wp-json\/wp\/v2\/types\/post"}],"author":[{"embeddable":true,"href":"https:\/\/www.unaq.edu.mx\/en\/wp-json\/wp\/v2\/users\/1"}],"replies":[{"embeddable":true,"href":"https:\/\/www.unaq.edu.mx\/en\/wp-json\/wp\/v2\/comments?post=2827"}],"version-history":[{"count":0,"href":"https:\/\/www.unaq.edu.mx\/en\/wp-json\/wp\/v2\/posts\/2827\/revisions"}],"wp:attachment":[{"href":"https:\/\/www.unaq.edu.mx\/en\/wp-json\/wp\/v2\/media?parent=2827"}],"wp:term":[{"taxonomy":"category","embeddable":true,"href":"https:\/\/www.unaq.edu.mx\/en\/wp-json\/wp\/v2\/categories?post=2827"},{"taxonomy":"post_tag","embeddable":true,"href":"https:\/\/www.unaq.edu.mx\/en\/wp-json\/wp\/v2\/tags?post=2827"}],"curies":[{"name":"wp","href":"https:\/\/api.w.org\/{rel}","templated":true}]}}