{"id":2150,"date":"2017-06-19T14:38:43","date_gmt":"2017-06-19T20:38:43","guid":{"rendered":"https:\/\/www.unaq.edu.mx\/?p=2150"},"modified":"2017-06-19T14:38:43","modified_gmt":"2017-06-19T20:38:43","slug":"unaq-impartira-curso-de-formacion-de-sobrecargos","status":"publish","type":"post","link":"https:\/\/www.unaq.edu.mx\/en\/noticias\/unaq-impartira-curso-de-formacion-de-sobrecargos\/","title":{"rendered":"UNAQ impartir\u00e1 Curso de Formaci\u00f3n de Sobrecargos"},"content":{"rendered":"<p>El 21 de agosto dar\u00e1 inici\u00f3 el primer curso de capacitaci\u00f3n de Formaci\u00f3n de Sobrecargos de Aviaci\u00f3n, impartido por la Universidad Aeron\u00e1utica en Quer\u00e9taro (UNAQ), as\u00ed lo dio a conocer en rueda de prensa el rector Jorge Guti\u00e9rrez de Velasco Rodr\u00edguez.<\/p>\n<p>\u201cIdentificando el gran proyecto de construcci\u00f3n del nuevo aeropuerto de la Ciudad de M\u00e9xico, que sin duda va a revolucionar la industria de las operaciones a\u00e9reas de nuestro pa\u00eds cambia la descentralizaci\u00f3n del aeropuerto actual, incrementando las actividades, de tr\u00e1nsito a\u00e9reo y con ello la necesidad de ampliar nuestra oferta\u201d, indic\u00f3.<\/p>\n<p>El programa de capacitaci\u00f3n durar\u00e1 282 horas con 100 de pr\u00e1ctica (distribuidas en 3 meses) y estar\u00e1 compuesto por 11 materias normativas que incluyen: primeros auxilios, ingl\u00e9s t\u00e9cnico aeron\u00e1utico, reglamento a\u00e9reo, procedimientos de emergencia, entre otras.<\/p>\n<p>La instructora del curso, Yesenia Guadalupe Nava Ruiz, se\u00f1al\u00f3 que a diferencia de otras escuelas que ofertan esta opci\u00f3n educativa, la UNAQ es la \u00fanica instituci\u00f3n con aeronaves reales como un Boeing B737 y un A320 que ser\u00e1n utilizadas como aulas para las pr\u00e1cticas.<\/p>\n<p>Cabe se\u00f1alar que el salario en el campo de trabajo de un sobrecargo var\u00eda de acuerdo a la aerol\u00ednea, sin embargo, se estima que el salario promedio al inicio de la carrera es de 10 mil pesos mensuales.<\/p>\n<p>El costo es de 34 mil 461 pesos, cantidad que cubre la inscripci\u00f3n y el curso aerom\u00e9dico. Para consultar detalles sobre descuentos deber\u00e1 consultar la convocatoria en la p\u00e1gina web: www.unaq.edu.mx<\/p>\n<p>A la rueda de prensa asisti\u00f3: el Ing. Jorge Guti\u00e9rrez de Velasco Rodr\u00edguez, rector de la UNAQ; el Ing. Gerardo Cort\u00e9s Medrano, Subdirector de Vinculaci\u00f3n y Desarrollo Profesional; Yesenia Guadalupe Nava Ruiz, Instructora de la Subdirecci\u00f3n de Vinculaci\u00f3n y Desarrollo Profesional; Juan Antonio Robles Olvera, Analista de Vinculaci\u00f3n Empresarial; y la Arq. Ana Lina Mendoza Pedraza, Subdirectora de Vinculaci\u00f3n y Movilidad Acad\u00e9mica.<\/p>\n<p>&nbsp;<\/p>","protected":false},"excerpt":{"rendered":"<p>El 21 de agosto dar\u00e1 inici\u00f3 el primer curso de capacitaci\u00f3n de Formaci\u00f3n de Sobrecargos de Aviaci\u00f3n, impartido por la Universidad Aeron\u00e1utica en Quer\u00e9taro (UNAQ), as\u00ed lo dio a conocer en rueda de prensa el rector Jorge Guti\u00e9rrez de Velasco Rodr\u00edguez. \u201cIdentificando el gran proyecto de construcci\u00f3n del nuevo aeropuerto de la Ciudad de M\u00e9xico, [&hellip;]<\/p>\n","protected":false},"author":1,"featured_media":2151,"comment_status":"closed","ping_status":"closed","sticky":false,"template":"","format":"standard","meta":{"footnotes":""},"categories":[3],"tags":[],"class_list":["post-2150","post","type-post","status-publish","format-standard","has-post-thumbnail","hentry","category-noticias"],"yoast_head":"<!-- This site is optimized with the Yoast SEO plugin v28.3 - https:\/\/yoast.com\/product\/yoast-seo-wordpress\/ -->\n<title>UNAQ impartir\u00e1 Curso de Formaci\u00f3n de Sobrecargos - UNAQ - Universidad Aeron&aacute;utica en Quer&eacute;taro<\/title>\n<meta name=\"robots\" content=\"index, follow, max-snippet:-1, max-image-preview:large, max-video-preview:-1\" \/>\n<link rel=\"canonical\" href=\"https:\/\/www.unaq.edu.mx\/en\/noticias\/unaq-impartira-curso-de-formacion-de-sobrecargos\/\" \/>\n<meta property=\"og:locale\" content=\"en_US\" \/>\n<meta property=\"og:type\" content=\"article\" \/>\n<meta property=\"og:title\" content=\"UNAQ impartir\u00e1 Curso de Formaci\u00f3n de Sobrecargos - UNAQ - Universidad Aeron&aacute;utica en Quer&eacute;taro\" \/>\n<meta property=\"og:description\" content=\"El 21 de agosto dar\u00e1 inici\u00f3 el primer curso de capacitaci\u00f3n de Formaci\u00f3n de Sobrecargos de Aviaci\u00f3n, impartido por la Universidad Aeron\u00e1utica en Quer\u00e9taro (UNAQ), as\u00ed lo dio a conocer en rueda de prensa el rector Jorge Guti\u00e9rrez de Velasco Rodr\u00edguez. \u201cIdentificando el gran proyecto de construcci\u00f3n del nuevo aeropuerto de la Ciudad de M\u00e9xico, [&hellip;]\" \/>\n<meta property=\"og:url\" content=\"https:\/\/www.unaq.edu.mx\/en\/noticias\/unaq-impartira-curso-de-formacion-de-sobrecargos\/\" \/>\n<meta property=\"og:site_name\" content=\"UNAQ - Universidad Aeron&aacute;utica en Quer&eacute;taro\" \/>\n<meta property=\"article:publisher\" content=\"https:\/\/www.facebook.com\/UNAQMX\/\" \/>\n<meta property=\"article:published_time\" content=\"2017-06-19T20:38:43+00:00\" \/>\n<meta name=\"author\" content=\"admin\" \/>\n<meta name=\"twitter:card\" content=\"summary_large_image\" \/>\n<meta name=\"twitter:creator\" content=\"@UNAQmx\" \/>\n<meta name=\"twitter:site\" content=\"@UNAQmx\" \/>\n<meta name=\"twitter:label1\" content=\"Written by\" \/>\n\t<meta name=\"twitter:data1\" content=\"admin\" \/>\n\t<meta name=\"twitter:label2\" content=\"Est. reading time\" \/>\n\t<meta name=\"twitter:data2\" content=\"2 minutes\" \/>\n<script type=\"application\/ld+json\" class=\"yoast-schema-graph\">{\"@context\":\"https:\\\/\\\/schema.org\",\"@graph\":[{\"@type\":\"Article\",\"@id\":\"https:\\\/\\\/www.unaq.edu.mx\\\/noticias\\\/unaq-impartira-curso-de-formacion-de-sobrecargos\\\/#article\",\"isPartOf\":{\"@id\":\"https:\\\/\\\/www.unaq.edu.mx\\\/noticias\\\/unaq-impartira-curso-de-formacion-de-sobrecargos\\\/\"},\"author\":{\"name\":\"admin\",\"@id\":\"https:\\\/\\\/www.unaq.edu.mx\\\/#\\\/schema\\\/person\\\/24f098aa1760e7c165d176625485f080\"},\"headline\":\"UNAQ impartir\u00e1 Curso de Formaci\u00f3n de Sobrecargos\",\"datePublished\":\"2017-06-19T20:38:43+00:00\",\"mainEntityOfPage\":{\"@id\":\"https:\\\/\\\/www.unaq.edu.mx\\\/noticias\\\/unaq-impartira-curso-de-formacion-de-sobrecargos\\\/\"},\"wordCount\":347,\"publisher\":{\"@id\":\"https:\\\/\\\/www.unaq.edu.mx\\\/#organization\"},\"image\":{\"@id\":\"https:\\\/\\\/www.unaq.edu.mx\\\/noticias\\\/unaq-impartira-curso-de-formacion-de-sobrecargos\\\/#primaryimage\"},\"thumbnailUrl\":\"\",\"articleSection\":[\"Noticias\"],\"inLanguage\":\"en-US\"},{\"@type\":\"WebPage\",\"@id\":\"https:\\\/\\\/www.unaq.edu.mx\\\/noticias\\\/unaq-impartira-curso-de-formacion-de-sobrecargos\\\/\",\"url\":\"https:\\\/\\\/www.unaq.edu.mx\\\/noticias\\\/unaq-impartira-curso-de-formacion-de-sobrecargos\\\/\",\"name\":\"UNAQ impartir\u00e1 Curso de Formaci\u00f3n de Sobrecargos - UNAQ - Universidad Aeron&aacute;utica en Quer&eacute;taro\",\"isPartOf\":{\"@id\":\"https:\\\/\\\/www.unaq.edu.mx\\\/#website\"},\"primaryImageOfPage\":{\"@id\":\"https:\\\/\\\/www.unaq.edu.mx\\\/noticias\\\/unaq-impartira-curso-de-formacion-de-sobrecargos\\\/#primaryimage\"},\"image\":{\"@id\":\"https:\\\/\\\/www.unaq.edu.mx\\\/noticias\\\/unaq-impartira-curso-de-formacion-de-sobrecargos\\\/#primaryimage\"},\"thumbnailUrl\":\"\",\"datePublished\":\"2017-06-19T20:38:43+00:00\",\"breadcrumb\":{\"@id\":\"https:\\\/\\\/www.unaq.edu.mx\\\/noticias\\\/unaq-impartira-curso-de-formacion-de-sobrecargos\\\/#breadcrumb\"},\"inLanguage\":\"en-US\",\"potentialAction\":[{\"@type\":\"ReadAction\",\"target\":[\"https:\\\/\\\/www.unaq.edu.mx\\\/noticias\\\/unaq-impartira-curso-de-formacion-de-sobrecargos\\\/\"]}]},{\"@type\":\"ImageObject\",\"inLanguage\":\"en-US\",\"@id\":\"https:\\\/\\\/www.unaq.edu.mx\\\/noticias\\\/unaq-impartira-curso-de-formacion-de-sobrecargos\\\/#primaryimage\",\"url\":\"\",\"contentUrl\":\"\"},{\"@type\":\"BreadcrumbList\",\"@id\":\"https:\\\/\\\/www.unaq.edu.mx\\\/noticias\\\/unaq-impartira-curso-de-formacion-de-sobrecargos\\\/#breadcrumb\",\"itemListElement\":[{\"@type\":\"ListItem\",\"position\":1,\"name\":\"Portada\",\"item\":\"https:\\\/\\\/www.unaq.edu.mx\\\/\"},{\"@type\":\"ListItem\",\"position\":2,\"name\":\"UNAQ impartir\u00e1 Curso de Formaci\u00f3n de Sobrecargos\"}]},{\"@type\":\"WebSite\",\"@id\":\"https:\\\/\\\/www.unaq.edu.mx\\\/#website\",\"url\":\"https:\\\/\\\/www.unaq.edu.mx\\\/\",\"name\":\"UNAQ - Universidad Aeron\u00e1utica en Quer\u00e9taro\",\"description\":\"Formamos profesionales e investigadores para el sector aeron&aacute;utico, con valores, conocimientos, competencias y reconocimiento nacional e internacional, basado en un modelo educativo abierto, flexible, pertinente y estrechamente vinculado, para el desarrollo social, econ&oacute;mico y cultural de M&eacute;xico.\",\"publisher\":{\"@id\":\"https:\\\/\\\/www.unaq.edu.mx\\\/#organization\"},\"potentialAction\":[{\"@type\":\"SearchAction\",\"target\":{\"@type\":\"EntryPoint\",\"urlTemplate\":\"https:\\\/\\\/www.unaq.edu.mx\\\/?s={search_term_string}\"},\"query-input\":{\"@type\":\"PropertyValueSpecification\",\"valueRequired\":true,\"valueName\":\"search_term_string\"}}],\"inLanguage\":\"en-US\"},{\"@type\":\"Organization\",\"@id\":\"https:\\\/\\\/www.unaq.edu.mx\\\/#organization\",\"name\":\"Universidad Aeron\u00e1utica en Quer\u00e9taro\",\"url\":\"https:\\\/\\\/www.unaq.edu.mx\\\/\",\"logo\":{\"@type\":\"ImageObject\",\"inLanguage\":\"en-US\",\"@id\":\"https:\\\/\\\/www.unaq.edu.mx\\\/#\\\/schema\\\/logo\\\/image\\\/\",\"url\":\"https:\\\/\\\/www.unaq.edu.mx\\\/wp-content\\\/uploads\\\/2022\\\/04\\\/Logo_UNAQ.png\",\"contentUrl\":\"https:\\\/\\\/www.unaq.edu.mx\\\/wp-content\\\/uploads\\\/2022\\\/04\\\/Logo_UNAQ.png\",\"width\":648,\"height\":284,\"caption\":\"Universidad Aeron\u00e1utica en Quer\u00e9taro\"},\"image\":{\"@id\":\"https:\\\/\\\/www.unaq.edu.mx\\\/#\\\/schema\\\/logo\\\/image\\\/\"},\"sameAs\":[\"https:\\\/\\\/www.facebook.com\\\/UNAQMX\\\/\",\"https:\\\/\\\/x.com\\\/UNAQmx\",\"https:\\\/\\\/www.linkedin.com\\\/company\\\/unaq\",\"https:\\\/\\\/www.youtube.com\\\/user\\\/UNAQMX\"]},{\"@type\":\"Person\",\"@id\":\"https:\\\/\\\/www.unaq.edu.mx\\\/#\\\/schema\\\/person\\\/24f098aa1760e7c165d176625485f080\",\"name\":\"admin\",\"sameAs\":[\"https:\\\/\\\/www.unaq.edu.mx\"],\"url\":\"https:\\\/\\\/www.unaq.edu.mx\\\/en\\\/author\\\/admin\\\/\"}]}<\/script>\n<!-- \/ Yoast SEO plugin. -->","yoast_head_json":{"title":"UNAQ impartir\u00e1 Curso de Formaci\u00f3n de Sobrecargos - UNAQ - Universidad Aeron&aacute;utica en Quer&eacute;taro","robots":{"index":"index","follow":"follow","max-snippet":"max-snippet:-1","max-image-preview":"max-image-preview:large","max-video-preview":"max-video-preview:-1"},"canonical":"https:\/\/www.unaq.edu.mx\/en\/noticias\/unaq-impartira-curso-de-formacion-de-sobrecargos\/","og_locale":"en_US","og_type":"article","og_title":"UNAQ impartir\u00e1 Curso de Formaci\u00f3n de Sobrecargos - UNAQ - Universidad Aeron&aacute;utica en Quer&eacute;taro","og_description":"El 21 de agosto dar\u00e1 inici\u00f3 el primer curso de capacitaci\u00f3n de Formaci\u00f3n de Sobrecargos de Aviaci\u00f3n, impartido por la Universidad Aeron\u00e1utica en Quer\u00e9taro (UNAQ), as\u00ed lo dio a conocer en rueda de prensa el rector Jorge Guti\u00e9rrez de Velasco Rodr\u00edguez. \u201cIdentificando el gran proyecto de construcci\u00f3n del nuevo aeropuerto de la Ciudad de M\u00e9xico, [&hellip;]","og_url":"https:\/\/www.unaq.edu.mx\/en\/noticias\/unaq-impartira-curso-de-formacion-de-sobrecargos\/","og_site_name":"UNAQ - Universidad Aeron&aacute;utica en Quer&eacute;taro","article_publisher":"https:\/\/www.facebook.com\/UNAQMX\/","article_published_time":"2017-06-19T20:38:43+00:00","author":"admin","twitter_card":"summary_large_image","twitter_creator":"@UNAQmx","twitter_site":"@UNAQmx","twitter_misc":{"Written by":"admin","Est. reading time":"2 minutes"},"schema":{"@context":"https:\/\/schema.org","@graph":[{"@type":"Article","@id":"https:\/\/www.unaq.edu.mx\/noticias\/unaq-impartira-curso-de-formacion-de-sobrecargos\/#article","isPartOf":{"@id":"https:\/\/www.unaq.edu.mx\/noticias\/unaq-impartira-curso-de-formacion-de-sobrecargos\/"},"author":{"name":"admin","@id":"https:\/\/www.unaq.edu.mx\/#\/schema\/person\/24f098aa1760e7c165d176625485f080"},"headline":"UNAQ impartir\u00e1 Curso de Formaci\u00f3n de Sobrecargos","datePublished":"2017-06-19T20:38:43+00:00","mainEntityOfPage":{"@id":"https:\/\/www.unaq.edu.mx\/noticias\/unaq-impartira-curso-de-formacion-de-sobrecargos\/"},"wordCount":347,"publisher":{"@id":"https:\/\/www.unaq.edu.mx\/#organization"},"image":{"@id":"https:\/\/www.unaq.edu.mx\/noticias\/unaq-impartira-curso-de-formacion-de-sobrecargos\/#primaryimage"},"thumbnailUrl":"","articleSection":["Noticias"],"inLanguage":"en-US"},{"@type":"WebPage","@id":"https:\/\/www.unaq.edu.mx\/noticias\/unaq-impartira-curso-de-formacion-de-sobrecargos\/","url":"https:\/\/www.unaq.edu.mx\/noticias\/unaq-impartira-curso-de-formacion-de-sobrecargos\/","name":"UNAQ impartir\u00e1 Curso de Formaci\u00f3n de Sobrecargos - UNAQ - Universidad Aeron&aacute;utica en Quer&eacute;taro","isPartOf":{"@id":"https:\/\/www.unaq.edu.mx\/#website"},"primaryImageOfPage":{"@id":"https:\/\/www.unaq.edu.mx\/noticias\/unaq-impartira-curso-de-formacion-de-sobrecargos\/#primaryimage"},"image":{"@id":"https:\/\/www.unaq.edu.mx\/noticias\/unaq-impartira-curso-de-formacion-de-sobrecargos\/#primaryimage"},"thumbnailUrl":"","datePublished":"2017-06-19T20:38:43+00:00","breadcrumb":{"@id":"https:\/\/www.unaq.edu.mx\/noticias\/unaq-impartira-curso-de-formacion-de-sobrecargos\/#breadcrumb"},"inLanguage":"en-US","potentialAction":[{"@type":"ReadAction","target":["https:\/\/www.unaq.edu.mx\/noticias\/unaq-impartira-curso-de-formacion-de-sobrecargos\/"]}]},{"@type":"ImageObject","inLanguage":"en-US","@id":"https:\/\/www.unaq.edu.mx\/noticias\/unaq-impartira-curso-de-formacion-de-sobrecargos\/#primaryimage","url":"","contentUrl":""},{"@type":"BreadcrumbList","@id":"https:\/\/www.unaq.edu.mx\/noticias\/unaq-impartira-curso-de-formacion-de-sobrecargos\/#breadcrumb","itemListElement":[{"@type":"ListItem","position":1,"name":"Portada","item":"https:\/\/www.unaq.edu.mx\/"},{"@type":"ListItem","position":2,"name":"UNAQ impartir\u00e1 Curso de Formaci\u00f3n de Sobrecargos"}]},{"@type":"WebSite","@id":"https:\/\/www.unaq.edu.mx\/#website","url":"https:\/\/www.unaq.edu.mx\/","name":"UNAQ - Universidad Aeron\u00e1utica en Quer\u00e9taro","description":"Formamos profesionales e investigadores para el sector aeron&aacute;utico, con valores, conocimientos, competencias y reconocimiento nacional e internacional, basado en un modelo educativo abierto, flexible, pertinente y estrechamente vinculado, para el desarrollo social, econ&oacute;mico y cultural de M&eacute;xico.","publisher":{"@id":"https:\/\/www.unaq.edu.mx\/#organization"},"potentialAction":[{"@type":"SearchAction","target":{"@type":"EntryPoint","urlTemplate":"https:\/\/www.unaq.edu.mx\/?s={search_term_string}"},"query-input":{"@type":"PropertyValueSpecification","valueRequired":true,"valueName":"search_term_string"}}],"inLanguage":"en-US"},{"@type":"Organization","@id":"https:\/\/www.unaq.edu.mx\/#organization","name":"Universidad Aeron\u00e1utica en Quer\u00e9taro","url":"https:\/\/www.unaq.edu.mx\/","logo":{"@type":"ImageObject","inLanguage":"en-US","@id":"https:\/\/www.unaq.edu.mx\/#\/schema\/logo\/image\/","url":"https:\/\/www.unaq.edu.mx\/wp-content\/uploads\/2022\/04\/Logo_UNAQ.png","contentUrl":"https:\/\/www.unaq.edu.mx\/wp-content\/uploads\/2022\/04\/Logo_UNAQ.png","width":648,"height":284,"caption":"Universidad Aeron\u00e1utica en Quer\u00e9taro"},"image":{"@id":"https:\/\/www.unaq.edu.mx\/#\/schema\/logo\/image\/"},"sameAs":["https:\/\/www.facebook.com\/UNAQMX\/","https:\/\/x.com\/UNAQmx","https:\/\/www.linkedin.com\/company\/unaq","https:\/\/www.youtube.com\/user\/UNAQMX"]},{"@type":"Person","@id":"https:\/\/www.unaq.edu.mx\/#\/schema\/person\/24f098aa1760e7c165d176625485f080","name":"admin","sameAs":["https:\/\/www.unaq.edu.mx"],"url":"https:\/\/www.unaq.edu.mx\/en\/author\/admin\/"}]}},"_links":{"self":[{"href":"https:\/\/www.unaq.edu.mx\/en\/wp-json\/wp\/v2\/posts\/2150","targetHints":{"allow":["GET"]}}],"collection":[{"href":"https:\/\/www.unaq.edu.mx\/en\/wp-json\/wp\/v2\/posts"}],"about":[{"href":"https:\/\/www.unaq.edu.mx\/en\/wp-json\/wp\/v2\/types\/post"}],"author":[{"embeddable":true,"href":"https:\/\/www.unaq.edu.mx\/en\/wp-json\/wp\/v2\/users\/1"}],"replies":[{"embeddable":true,"href":"https:\/\/www.unaq.edu.mx\/en\/wp-json\/wp\/v2\/comments?post=2150"}],"version-history":[{"count":0,"href":"https:\/\/www.unaq.edu.mx\/en\/wp-json\/wp\/v2\/posts\/2150\/revisions"}],"wp:attachment":[{"href":"https:\/\/www.unaq.edu.mx\/en\/wp-json\/wp\/v2\/media?parent=2150"}],"wp:term":[{"taxonomy":"category","embeddable":true,"href":"https:\/\/www.unaq.edu.mx\/en\/wp-json\/wp\/v2\/categories?post=2150"},{"taxonomy":"post_tag","embeddable":true,"href":"https:\/\/www.unaq.edu.mx\/en\/wp-json\/wp\/v2\/tags?post=2150"}],"curies":[{"name":"wp","href":"https:\/\/api.w.org\/{rel}","templated":true}]}}