{"id":2085,"date":"2016-06-30T09:54:19","date_gmt":"2016-06-30T15:54:19","guid":{"rendered":"https:\/\/www.unaq.edu.mx\/?p=2085"},"modified":"2016-06-30T09:54:19","modified_gmt":"2016-06-30T15:54:19","slug":"estudiantes-de-la-unaq-ganan-beca-mexprotec","status":"publish","type":"post","link":"https:\/\/www.unaq.edu.mx\/en\/noticias\/estudiantes-de-la-unaq-ganan-beca-mexprotec\/","title":{"rendered":"Estudiantes de la UNAQ ganan beca MEXPROTEC"},"content":{"rendered":"<p>Estudiantes de la Universidad Aeron\u00e1utica en Quer\u00e9taro \u2013UNAQ-: Braulio Alejandro Mej\u00eda Hern\u00e1ndez y Luis Miguel Esquivel Sanz estudiantes de T\u00e9cnico Superior Universitario \u2013TSU-, en Mantenimiento Aeron\u00e1utico, \u00e1rea: Planeador y Motor, Francisco Daniel Mancera Coyotl, as\u00ed como y Jonathan Zepeda Torres, estudiante de TSU en Mantenimiento Aeron\u00e1utico, \u00e1rea: Avi\u00f3nica, resultaron ganadores del programa M\u00e9xico Profesional Tecnolog\u00eda (MEXPROTEC), que a\u00f1o con a\u00f1o apoya a estudiantes de universidades tecnol\u00f3gicas para que estudien una Licencia Profesional en Francia.<\/p>\n<p>El programa MEXPROTEC nace gracias al Convenio de Cooperaci\u00f3n Franco-Mexicana en el \u00c1rea de la Ense\u00f1anza Profesional y Tecnol\u00f3gica Superior entre la Secretar\u00eda de Educaci\u00f3n P\u00fablica de los Estados Unidos Mexicanos, el Ministerio de la Ense\u00f1anza Superior y de la Investigaci\u00f3n y el Ministerio de Asuntos Extranjeros de la Rep\u00fablica Francesa, firmado el 5 de junio de 2008, el cual contempla la movilidad de estudiantes mexicanos para cursar Licencias Profesionales en Francia.<\/p>\n<p>Este programa busca complementar la formaci\u00f3n de los T\u00e9cnicos Superiores Universitarios becando cada a\u00f1o a alrededor de 200 estudiantes de las diferentes Universidades Tecnol\u00f3gicas p\u00fablicas de M\u00e9xico para que cursen una Licencia Profesional en Francia por un a\u00f1o, al t\u00e9rmino del programa los estudiantes regresan a M\u00e9xico a poner en pr\u00e1ctica los conocimientos obtenidos.<\/p>\n<p>El pasado 10 de mayo los aspirantes a esta beca realizaron el examen con el que se evalu\u00f3, entre otras caracter\u00edsticas el dominio del idioma franc\u00e9s. Los resultados de los 200 aspirantes aceptados se dieron a conocer el pasado 21 de junio de 2016.<\/p>\n<p>Los estudiantes seleccionados, participaran en los programas de: Maintenance des Syst\u00e8mes Pluritechniques option Maintenance A\u00e9ronautique, en Blagnac; en el Conception et Fabrication A\u00e9ronautique, en Le Creusot; y M\u00e9tiers De L&#8217;\u00e9lectronique: Communication, Syst\u00e8mes Embarqu\u00e9s, en Grenoble, a lo largo de un a\u00f1o.<\/p>\n<p>&nbsp;<\/p>","protected":false},"excerpt":{"rendered":"<p>Estudiantes de la Universidad Aeron\u00e1utica en Quer\u00e9taro \u2013UNAQ-: Braulio Alejandro Mej\u00eda Hern\u00e1ndez y Luis Miguel Esquivel Sanz estudiantes de T\u00e9cnico Superior Universitario \u2013TSU-, en Mantenimiento Aeron\u00e1utico, \u00e1rea: Planeador y Motor, Francisco Daniel Mancera Coyotl, as\u00ed como y Jonathan Zepeda Torres, estudiante de TSU en Mantenimiento Aeron\u00e1utico, \u00e1rea: Avi\u00f3nica, resultaron ganadores del programa M\u00e9xico Profesional Tecnolog\u00eda [&hellip;]<\/p>\n","protected":false},"author":1,"featured_media":2086,"comment_status":"closed","ping_status":"closed","sticky":false,"template":"","format":"standard","meta":{"footnotes":""},"categories":[3],"tags":[],"class_list":["post-2085","post","type-post","status-publish","format-standard","has-post-thumbnail","hentry","category-noticias"],"yoast_head":"<!-- This site is optimized with the Yoast SEO plugin v28.3 - https:\/\/yoast.com\/product\/yoast-seo-wordpress\/ -->\n<title>Estudiantes de la UNAQ ganan beca MEXPROTEC - UNAQ - Universidad Aeron&aacute;utica en Quer&eacute;taro<\/title>\n<meta name=\"robots\" content=\"index, follow, max-snippet:-1, max-image-preview:large, max-video-preview:-1\" \/>\n<link rel=\"canonical\" href=\"https:\/\/www.unaq.edu.mx\/en\/noticias\/estudiantes-de-la-unaq-ganan-beca-mexprotec\/\" \/>\n<meta property=\"og:locale\" content=\"en_US\" \/>\n<meta property=\"og:type\" content=\"article\" \/>\n<meta property=\"og:title\" content=\"Estudiantes de la UNAQ ganan beca MEXPROTEC - UNAQ - Universidad Aeron&aacute;utica en Quer&eacute;taro\" \/>\n<meta property=\"og:description\" content=\"Estudiantes de la Universidad Aeron\u00e1utica en Quer\u00e9taro \u2013UNAQ-: Braulio Alejandro Mej\u00eda Hern\u00e1ndez y Luis Miguel Esquivel Sanz estudiantes de T\u00e9cnico Superior Universitario \u2013TSU-, en Mantenimiento Aeron\u00e1utico, \u00e1rea: Planeador y Motor, Francisco Daniel Mancera Coyotl, as\u00ed como y Jonathan Zepeda Torres, estudiante de TSU en Mantenimiento Aeron\u00e1utico, \u00e1rea: Avi\u00f3nica, resultaron ganadores del programa M\u00e9xico Profesional Tecnolog\u00eda [&hellip;]\" \/>\n<meta property=\"og:url\" content=\"https:\/\/www.unaq.edu.mx\/en\/noticias\/estudiantes-de-la-unaq-ganan-beca-mexprotec\/\" \/>\n<meta property=\"og:site_name\" content=\"UNAQ - Universidad Aeron&aacute;utica en Quer&eacute;taro\" \/>\n<meta property=\"article:publisher\" content=\"https:\/\/www.facebook.com\/UNAQMX\/\" \/>\n<meta property=\"article:published_time\" content=\"2016-06-30T15:54:19+00:00\" \/>\n<meta name=\"author\" content=\"admin\" \/>\n<meta name=\"twitter:card\" content=\"summary_large_image\" \/>\n<meta name=\"twitter:creator\" content=\"@UNAQmx\" \/>\n<meta name=\"twitter:site\" content=\"@UNAQmx\" \/>\n<meta name=\"twitter:label1\" content=\"Written by\" \/>\n\t<meta name=\"twitter:data1\" content=\"admin\" \/>\n\t<meta name=\"twitter:label2\" content=\"Est. reading time\" \/>\n\t<meta name=\"twitter:data2\" content=\"2 minutes\" \/>\n<script type=\"application\/ld+json\" class=\"yoast-schema-graph\">{\"@context\":\"https:\\\/\\\/schema.org\",\"@graph\":[{\"@type\":\"Article\",\"@id\":\"https:\\\/\\\/www.unaq.edu.mx\\\/noticias\\\/estudiantes-de-la-unaq-ganan-beca-mexprotec\\\/#article\",\"isPartOf\":{\"@id\":\"https:\\\/\\\/www.unaq.edu.mx\\\/noticias\\\/estudiantes-de-la-unaq-ganan-beca-mexprotec\\\/\"},\"author\":{\"name\":\"admin\",\"@id\":\"https:\\\/\\\/www.unaq.edu.mx\\\/#\\\/schema\\\/person\\\/24f098aa1760e7c165d176625485f080\"},\"headline\":\"Estudiantes de la UNAQ ganan beca MEXPROTEC\",\"datePublished\":\"2016-06-30T15:54:19+00:00\",\"mainEntityOfPage\":{\"@id\":\"https:\\\/\\\/www.unaq.edu.mx\\\/noticias\\\/estudiantes-de-la-unaq-ganan-beca-mexprotec\\\/\"},\"wordCount\":328,\"publisher\":{\"@id\":\"https:\\\/\\\/www.unaq.edu.mx\\\/#organization\"},\"image\":{\"@id\":\"https:\\\/\\\/www.unaq.edu.mx\\\/noticias\\\/estudiantes-de-la-unaq-ganan-beca-mexprotec\\\/#primaryimage\"},\"thumbnailUrl\":\"\",\"articleSection\":[\"Noticias\"],\"inLanguage\":\"en-US\"},{\"@type\":\"WebPage\",\"@id\":\"https:\\\/\\\/www.unaq.edu.mx\\\/noticias\\\/estudiantes-de-la-unaq-ganan-beca-mexprotec\\\/\",\"url\":\"https:\\\/\\\/www.unaq.edu.mx\\\/noticias\\\/estudiantes-de-la-unaq-ganan-beca-mexprotec\\\/\",\"name\":\"Estudiantes de la UNAQ ganan beca MEXPROTEC - UNAQ - Universidad Aeron&aacute;utica en Quer&eacute;taro\",\"isPartOf\":{\"@id\":\"https:\\\/\\\/www.unaq.edu.mx\\\/#website\"},\"primaryImageOfPage\":{\"@id\":\"https:\\\/\\\/www.unaq.edu.mx\\\/noticias\\\/estudiantes-de-la-unaq-ganan-beca-mexprotec\\\/#primaryimage\"},\"image\":{\"@id\":\"https:\\\/\\\/www.unaq.edu.mx\\\/noticias\\\/estudiantes-de-la-unaq-ganan-beca-mexprotec\\\/#primaryimage\"},\"thumbnailUrl\":\"\",\"datePublished\":\"2016-06-30T15:54:19+00:00\",\"breadcrumb\":{\"@id\":\"https:\\\/\\\/www.unaq.edu.mx\\\/noticias\\\/estudiantes-de-la-unaq-ganan-beca-mexprotec\\\/#breadcrumb\"},\"inLanguage\":\"en-US\",\"potentialAction\":[{\"@type\":\"ReadAction\",\"target\":[\"https:\\\/\\\/www.unaq.edu.mx\\\/noticias\\\/estudiantes-de-la-unaq-ganan-beca-mexprotec\\\/\"]}]},{\"@type\":\"ImageObject\",\"inLanguage\":\"en-US\",\"@id\":\"https:\\\/\\\/www.unaq.edu.mx\\\/noticias\\\/estudiantes-de-la-unaq-ganan-beca-mexprotec\\\/#primaryimage\",\"url\":\"\",\"contentUrl\":\"\"},{\"@type\":\"BreadcrumbList\",\"@id\":\"https:\\\/\\\/www.unaq.edu.mx\\\/noticias\\\/estudiantes-de-la-unaq-ganan-beca-mexprotec\\\/#breadcrumb\",\"itemListElement\":[{\"@type\":\"ListItem\",\"position\":1,\"name\":\"Portada\",\"item\":\"https:\\\/\\\/www.unaq.edu.mx\\\/\"},{\"@type\":\"ListItem\",\"position\":2,\"name\":\"Estudiantes de la UNAQ ganan beca MEXPROTEC\"}]},{\"@type\":\"WebSite\",\"@id\":\"https:\\\/\\\/www.unaq.edu.mx\\\/#website\",\"url\":\"https:\\\/\\\/www.unaq.edu.mx\\\/\",\"name\":\"UNAQ - Universidad Aeron\u00e1utica en Quer\u00e9taro\",\"description\":\"Formamos profesionales e investigadores para el sector aeron&aacute;utico, con valores, conocimientos, competencias y reconocimiento nacional e internacional, basado en un modelo educativo abierto, flexible, pertinente y estrechamente vinculado, para el desarrollo social, econ&oacute;mico y cultural de M&eacute;xico.\",\"publisher\":{\"@id\":\"https:\\\/\\\/www.unaq.edu.mx\\\/#organization\"},\"potentialAction\":[{\"@type\":\"SearchAction\",\"target\":{\"@type\":\"EntryPoint\",\"urlTemplate\":\"https:\\\/\\\/www.unaq.edu.mx\\\/?s={search_term_string}\"},\"query-input\":{\"@type\":\"PropertyValueSpecification\",\"valueRequired\":true,\"valueName\":\"search_term_string\"}}],\"inLanguage\":\"en-US\"},{\"@type\":\"Organization\",\"@id\":\"https:\\\/\\\/www.unaq.edu.mx\\\/#organization\",\"name\":\"Universidad Aeron\u00e1utica en Quer\u00e9taro\",\"url\":\"https:\\\/\\\/www.unaq.edu.mx\\\/\",\"logo\":{\"@type\":\"ImageObject\",\"inLanguage\":\"en-US\",\"@id\":\"https:\\\/\\\/www.unaq.edu.mx\\\/#\\\/schema\\\/logo\\\/image\\\/\",\"url\":\"https:\\\/\\\/www.unaq.edu.mx\\\/wp-content\\\/uploads\\\/2022\\\/04\\\/Logo_UNAQ.png\",\"contentUrl\":\"https:\\\/\\\/www.unaq.edu.mx\\\/wp-content\\\/uploads\\\/2022\\\/04\\\/Logo_UNAQ.png\",\"width\":648,\"height\":284,\"caption\":\"Universidad Aeron\u00e1utica en Quer\u00e9taro\"},\"image\":{\"@id\":\"https:\\\/\\\/www.unaq.edu.mx\\\/#\\\/schema\\\/logo\\\/image\\\/\"},\"sameAs\":[\"https:\\\/\\\/www.facebook.com\\\/UNAQMX\\\/\",\"https:\\\/\\\/x.com\\\/UNAQmx\",\"https:\\\/\\\/www.linkedin.com\\\/company\\\/unaq\",\"https:\\\/\\\/www.youtube.com\\\/user\\\/UNAQMX\"]},{\"@type\":\"Person\",\"@id\":\"https:\\\/\\\/www.unaq.edu.mx\\\/#\\\/schema\\\/person\\\/24f098aa1760e7c165d176625485f080\",\"name\":\"admin\",\"sameAs\":[\"https:\\\/\\\/www.unaq.edu.mx\"],\"url\":\"https:\\\/\\\/www.unaq.edu.mx\\\/en\\\/author\\\/admin\\\/\"}]}<\/script>\n<!-- \/ Yoast SEO plugin. -->","yoast_head_json":{"title":"Estudiantes de la UNAQ ganan beca MEXPROTEC - UNAQ - Universidad Aeron&aacute;utica en Quer&eacute;taro","robots":{"index":"index","follow":"follow","max-snippet":"max-snippet:-1","max-image-preview":"max-image-preview:large","max-video-preview":"max-video-preview:-1"},"canonical":"https:\/\/www.unaq.edu.mx\/en\/noticias\/estudiantes-de-la-unaq-ganan-beca-mexprotec\/","og_locale":"en_US","og_type":"article","og_title":"Estudiantes de la UNAQ ganan beca MEXPROTEC - UNAQ - Universidad Aeron&aacute;utica en Quer&eacute;taro","og_description":"Estudiantes de la Universidad Aeron\u00e1utica en Quer\u00e9taro \u2013UNAQ-: Braulio Alejandro Mej\u00eda Hern\u00e1ndez y Luis Miguel Esquivel Sanz estudiantes de T\u00e9cnico Superior Universitario \u2013TSU-, en Mantenimiento Aeron\u00e1utico, \u00e1rea: Planeador y Motor, Francisco Daniel Mancera Coyotl, as\u00ed como y Jonathan Zepeda Torres, estudiante de TSU en Mantenimiento Aeron\u00e1utico, \u00e1rea: Avi\u00f3nica, resultaron ganadores del programa M\u00e9xico Profesional Tecnolog\u00eda [&hellip;]","og_url":"https:\/\/www.unaq.edu.mx\/en\/noticias\/estudiantes-de-la-unaq-ganan-beca-mexprotec\/","og_site_name":"UNAQ - Universidad Aeron&aacute;utica en Quer&eacute;taro","article_publisher":"https:\/\/www.facebook.com\/UNAQMX\/","article_published_time":"2016-06-30T15:54:19+00:00","author":"admin","twitter_card":"summary_large_image","twitter_creator":"@UNAQmx","twitter_site":"@UNAQmx","twitter_misc":{"Written by":"admin","Est. reading time":"2 minutes"},"schema":{"@context":"https:\/\/schema.org","@graph":[{"@type":"Article","@id":"https:\/\/www.unaq.edu.mx\/noticias\/estudiantes-de-la-unaq-ganan-beca-mexprotec\/#article","isPartOf":{"@id":"https:\/\/www.unaq.edu.mx\/noticias\/estudiantes-de-la-unaq-ganan-beca-mexprotec\/"},"author":{"name":"admin","@id":"https:\/\/www.unaq.edu.mx\/#\/schema\/person\/24f098aa1760e7c165d176625485f080"},"headline":"Estudiantes de la UNAQ ganan beca MEXPROTEC","datePublished":"2016-06-30T15:54:19+00:00","mainEntityOfPage":{"@id":"https:\/\/www.unaq.edu.mx\/noticias\/estudiantes-de-la-unaq-ganan-beca-mexprotec\/"},"wordCount":328,"publisher":{"@id":"https:\/\/www.unaq.edu.mx\/#organization"},"image":{"@id":"https:\/\/www.unaq.edu.mx\/noticias\/estudiantes-de-la-unaq-ganan-beca-mexprotec\/#primaryimage"},"thumbnailUrl":"","articleSection":["Noticias"],"inLanguage":"en-US"},{"@type":"WebPage","@id":"https:\/\/www.unaq.edu.mx\/noticias\/estudiantes-de-la-unaq-ganan-beca-mexprotec\/","url":"https:\/\/www.unaq.edu.mx\/noticias\/estudiantes-de-la-unaq-ganan-beca-mexprotec\/","name":"Estudiantes de la UNAQ ganan beca MEXPROTEC - UNAQ - Universidad Aeron&aacute;utica en Quer&eacute;taro","isPartOf":{"@id":"https:\/\/www.unaq.edu.mx\/#website"},"primaryImageOfPage":{"@id":"https:\/\/www.unaq.edu.mx\/noticias\/estudiantes-de-la-unaq-ganan-beca-mexprotec\/#primaryimage"},"image":{"@id":"https:\/\/www.unaq.edu.mx\/noticias\/estudiantes-de-la-unaq-ganan-beca-mexprotec\/#primaryimage"},"thumbnailUrl":"","datePublished":"2016-06-30T15:54:19+00:00","breadcrumb":{"@id":"https:\/\/www.unaq.edu.mx\/noticias\/estudiantes-de-la-unaq-ganan-beca-mexprotec\/#breadcrumb"},"inLanguage":"en-US","potentialAction":[{"@type":"ReadAction","target":["https:\/\/www.unaq.edu.mx\/noticias\/estudiantes-de-la-unaq-ganan-beca-mexprotec\/"]}]},{"@type":"ImageObject","inLanguage":"en-US","@id":"https:\/\/www.unaq.edu.mx\/noticias\/estudiantes-de-la-unaq-ganan-beca-mexprotec\/#primaryimage","url":"","contentUrl":""},{"@type":"BreadcrumbList","@id":"https:\/\/www.unaq.edu.mx\/noticias\/estudiantes-de-la-unaq-ganan-beca-mexprotec\/#breadcrumb","itemListElement":[{"@type":"ListItem","position":1,"name":"Portada","item":"https:\/\/www.unaq.edu.mx\/"},{"@type":"ListItem","position":2,"name":"Estudiantes de la UNAQ ganan beca MEXPROTEC"}]},{"@type":"WebSite","@id":"https:\/\/www.unaq.edu.mx\/#website","url":"https:\/\/www.unaq.edu.mx\/","name":"UNAQ - Universidad Aeron\u00e1utica en Quer\u00e9taro","description":"Formamos profesionales e investigadores para el sector aeron&aacute;utico, con valores, conocimientos, competencias y reconocimiento nacional e internacional, basado en un modelo educativo abierto, flexible, pertinente y estrechamente vinculado, para el desarrollo social, econ&oacute;mico y cultural de M&eacute;xico.","publisher":{"@id":"https:\/\/www.unaq.edu.mx\/#organization"},"potentialAction":[{"@type":"SearchAction","target":{"@type":"EntryPoint","urlTemplate":"https:\/\/www.unaq.edu.mx\/?s={search_term_string}"},"query-input":{"@type":"PropertyValueSpecification","valueRequired":true,"valueName":"search_term_string"}}],"inLanguage":"en-US"},{"@type":"Organization","@id":"https:\/\/www.unaq.edu.mx\/#organization","name":"Universidad Aeron\u00e1utica en Quer\u00e9taro","url":"https:\/\/www.unaq.edu.mx\/","logo":{"@type":"ImageObject","inLanguage":"en-US","@id":"https:\/\/www.unaq.edu.mx\/#\/schema\/logo\/image\/","url":"https:\/\/www.unaq.edu.mx\/wp-content\/uploads\/2022\/04\/Logo_UNAQ.png","contentUrl":"https:\/\/www.unaq.edu.mx\/wp-content\/uploads\/2022\/04\/Logo_UNAQ.png","width":648,"height":284,"caption":"Universidad Aeron\u00e1utica en Quer\u00e9taro"},"image":{"@id":"https:\/\/www.unaq.edu.mx\/#\/schema\/logo\/image\/"},"sameAs":["https:\/\/www.facebook.com\/UNAQMX\/","https:\/\/x.com\/UNAQmx","https:\/\/www.linkedin.com\/company\/unaq","https:\/\/www.youtube.com\/user\/UNAQMX"]},{"@type":"Person","@id":"https:\/\/www.unaq.edu.mx\/#\/schema\/person\/24f098aa1760e7c165d176625485f080","name":"admin","sameAs":["https:\/\/www.unaq.edu.mx"],"url":"https:\/\/www.unaq.edu.mx\/en\/author\/admin\/"}]}},"_links":{"self":[{"href":"https:\/\/www.unaq.edu.mx\/en\/wp-json\/wp\/v2\/posts\/2085","targetHints":{"allow":["GET"]}}],"collection":[{"href":"https:\/\/www.unaq.edu.mx\/en\/wp-json\/wp\/v2\/posts"}],"about":[{"href":"https:\/\/www.unaq.edu.mx\/en\/wp-json\/wp\/v2\/types\/post"}],"author":[{"embeddable":true,"href":"https:\/\/www.unaq.edu.mx\/en\/wp-json\/wp\/v2\/users\/1"}],"replies":[{"embeddable":true,"href":"https:\/\/www.unaq.edu.mx\/en\/wp-json\/wp\/v2\/comments?post=2085"}],"version-history":[{"count":0,"href":"https:\/\/www.unaq.edu.mx\/en\/wp-json\/wp\/v2\/posts\/2085\/revisions"}],"wp:attachment":[{"href":"https:\/\/www.unaq.edu.mx\/en\/wp-json\/wp\/v2\/media?parent=2085"}],"wp:term":[{"taxonomy":"category","embeddable":true,"href":"https:\/\/www.unaq.edu.mx\/en\/wp-json\/wp\/v2\/categories?post=2085"},{"taxonomy":"post_tag","embeddable":true,"href":"https:\/\/www.unaq.edu.mx\/en\/wp-json\/wp\/v2\/tags?post=2085"}],"curies":[{"name":"wp","href":"https:\/\/api.w.org\/{rel}","templated":true}]}}