{"id":10533,"date":"2017-02-14T08:01:38","date_gmt":"2017-02-14T14:01:38","guid":{"rendered":"https:\/\/www.unaq.edu.mx\/?p=2136"},"modified":"2017-02-14T08:01:38","modified_gmt":"2017-02-14T14:01:38","slug":"unaq-y-general-electric-firman-convenio-de-colaboracion-2","status":"publish","type":"post","link":"https:\/\/www.unaq.edu.mx\/en\/noticias\/unaq-y-general-electric-firman-convenio-de-colaboracion-2\/","title":{"rendered":"UNAQ y General Electric firman convenio de colaboraci\u00f3n"},"content":{"rendered":"<p>La Universidad Aeron\u00e1utica en Quer\u00e9taro \u2013UNAQ- firm\u00f3 un convenio de colaboraci\u00f3n con la empresa General Electric Company \u2013GE-, con el objetivo de realizar cursos de capacitaci\u00f3n, diplomados, ingreso a programas de posgrado y proyectos tecnol\u00f3gicos.<\/p>\n<p>En el marco de la reuni\u00f3n que se realiz\u00f3 en la UNAQ, el Ing. Jorge Guti\u00e9rrez de Velasco Rodr\u00edguez, rector de la instituci\u00f3n, comparti\u00f3 con directivos de General Electric, que en 2015 los estudiantes: Guillermo Maldonado, Nicol\u00e1s Berlanga y H\u00e9ctor Perrusqu\u00eda, obtuvieron el primer lugar nacional del certamen \u201cLean Challege\u201d que organiza la empresa, cuyo objetivo es que los estudiantes aporten sus habilidades y conocimientos basados en una metodolog\u00eda de eficiencia productiva, denominada \u201cLean Manufacturing\u201d.<\/p>\n<p>\u201cLo que nosotros buscamos es replicar esas experiencias en nuestros alumnos, particip\u00e9 en la entrega del premio y hubo muy buenos comentarios hacia ellos, platiqu\u00e9 con ejecutivos de la empresa y les llam\u00f3 mucho la atenci\u00f3n nuestra universidad; esa es nuestra funci\u00f3n, impulsar a los j\u00f3venes para romper paradigmas\u201d, indic\u00f3.<\/p>\n<p>En su intervenci\u00f3n, el Dr. Luis Corral, L\u00edder de educaci\u00f3n en GE, se\u00f1al\u00f3 que: \u201cAs\u00ed como ustedes nos abren las puertas de la Universidad, igual saben que GE es su casa, tanto para sus estudiantes de los diferentes niveles educativos, como para sus egresados\u201d.<\/p>\n<p>Agreg\u00f3 que uno de los aspectos que trabajaran ser\u00e1 la captaci\u00f3n de talento as\u00ed como el desarrollo de recursos humanos, adem\u00e1s de que se brindar\u00e1n oportunidades para que los empleados de GE participen en los programas de Maestr\u00eda de la UNAQ.<\/p>\n<p>En el evento estuvieron presentes: el Ing. Jorge Guti\u00e9rrez de Velasco, Rector de la UNAQ; el Dr. Luis Corral, L\u00edder de Educaci\u00f3n de GE; la Lic. Briceyda Torres, Senior Talent Acquisition Partner y Relaciones Universitarias en GE; el Ing. Federico P\u00e9rez Fuentes, Secretario de Planeaci\u00f3n y Vinculaci\u00f3n; el Ing. Gerardo Cort\u00e9s Medrano, Subdirector de vinculaci\u00f3n y Desarrollo Profesional para el Sector Aeron\u00e1utico y la Mtra. Norma Mu\u00f1oz Madrigal, Subdirectora de Posgrado, todos ellos de la UNAQ.<\/p>","protected":false},"excerpt":{"rendered":"<p>La Universidad Aeron\u00e1utica en Quer\u00e9taro \u2013UNAQ- firm\u00f3 un convenio de colaboraci\u00f3n con la empresa General Electric Company \u2013GE-, con el objetivo de realizar cursos de capacitaci\u00f3n, diplomados, ingreso a programas de posgrado y proyectos tecnol\u00f3gicos. En el marco de la reuni\u00f3n que se realiz\u00f3 en la UNAQ, el Ing. Jorge Guti\u00e9rrez de Velasco Rodr\u00edguez, rector [&hellip;]<\/p>\n","protected":false},"author":1,"featured_media":2137,"comment_status":"closed","ping_status":"closed","sticky":false,"template":"","format":"standard","meta":{"footnotes":""},"categories":[3],"tags":[],"class_list":["post-10533","post","type-post","status-publish","format-standard","has-post-thumbnail","hentry","category-noticias"],"yoast_head":"<!-- This site is optimized with the Yoast SEO plugin v28.3 - https:\/\/yoast.com\/product\/yoast-seo-wordpress\/ -->\n<title>UNAQ y General Electric firman convenio de colaboraci\u00f3n - UNAQ - Universidad Aeron&aacute;utica en Quer&eacute;taro<\/title>\n<meta name=\"robots\" content=\"index, follow, max-snippet:-1, max-image-preview:large, max-video-preview:-1\" \/>\n<link rel=\"canonical\" href=\"https:\/\/www.unaq.edu.mx\/en\/noticias\/unaq-y-general-electric-firman-convenio-de-colaboracion-2\/\" \/>\n<meta property=\"og:locale\" content=\"en_US\" \/>\n<meta property=\"og:type\" content=\"article\" \/>\n<meta property=\"og:title\" content=\"UNAQ y General Electric firman convenio de colaboraci\u00f3n - UNAQ - Universidad Aeron&aacute;utica en Quer&eacute;taro\" \/>\n<meta property=\"og:description\" content=\"La Universidad Aeron\u00e1utica en Quer\u00e9taro \u2013UNAQ- firm\u00f3 un convenio de colaboraci\u00f3n con la empresa General Electric Company \u2013GE-, con el objetivo de realizar cursos de capacitaci\u00f3n, diplomados, ingreso a programas de posgrado y proyectos tecnol\u00f3gicos. En el marco de la reuni\u00f3n que se realiz\u00f3 en la UNAQ, el Ing. Jorge Guti\u00e9rrez de Velasco Rodr\u00edguez, rector [&hellip;]\" \/>\n<meta property=\"og:url\" content=\"https:\/\/www.unaq.edu.mx\/en\/noticias\/unaq-y-general-electric-firman-convenio-de-colaboracion-2\/\" \/>\n<meta property=\"og:site_name\" content=\"UNAQ - Universidad Aeron&aacute;utica en Quer&eacute;taro\" \/>\n<meta property=\"article:publisher\" content=\"https:\/\/www.facebook.com\/UNAQMX\/\" \/>\n<meta property=\"article:published_time\" content=\"2017-02-14T14:01:38+00:00\" \/>\n<meta name=\"author\" content=\"admin\" \/>\n<meta name=\"twitter:card\" content=\"summary_large_image\" \/>\n<meta name=\"twitter:creator\" content=\"@UNAQmx\" \/>\n<meta name=\"twitter:site\" content=\"@UNAQmx\" \/>\n<meta name=\"twitter:label1\" content=\"Written by\" \/>\n\t<meta name=\"twitter:data1\" content=\"admin\" \/>\n\t<meta name=\"twitter:label2\" content=\"Est. reading time\" \/>\n\t<meta name=\"twitter:data2\" content=\"2 minutes\" \/>\n<script type=\"application\/ld+json\" class=\"yoast-schema-graph\">{\"@context\":\"https:\\\/\\\/schema.org\",\"@graph\":[{\"@type\":\"Article\",\"@id\":\"https:\\\/\\\/www.unaq.edu.mx\\\/noticias\\\/unaq-y-general-electric-firman-convenio-de-colaboracion-2\\\/#article\",\"isPartOf\":{\"@id\":\"https:\\\/\\\/www.unaq.edu.mx\\\/noticias\\\/unaq-y-general-electric-firman-convenio-de-colaboracion-2\\\/\"},\"author\":{\"name\":\"admin\",\"@id\":\"https:\\\/\\\/www.unaq.edu.mx\\\/#\\\/schema\\\/person\\\/24f098aa1760e7c165d176625485f080\"},\"headline\":\"UNAQ y General Electric firman convenio de colaboraci\u00f3n\",\"datePublished\":\"2017-02-14T14:01:38+00:00\",\"mainEntityOfPage\":{\"@id\":\"https:\\\/\\\/www.unaq.edu.mx\\\/noticias\\\/unaq-y-general-electric-firman-convenio-de-colaboracion-2\\\/\"},\"wordCount\":363,\"publisher\":{\"@id\":\"https:\\\/\\\/www.unaq.edu.mx\\\/#organization\"},\"image\":{\"@id\":\"https:\\\/\\\/www.unaq.edu.mx\\\/noticias\\\/unaq-y-general-electric-firman-convenio-de-colaboracion-2\\\/#primaryimage\"},\"thumbnailUrl\":\"\",\"articleSection\":[\"Noticias\"],\"inLanguage\":\"en-US\"},{\"@type\":\"WebPage\",\"@id\":\"https:\\\/\\\/www.unaq.edu.mx\\\/noticias\\\/unaq-y-general-electric-firman-convenio-de-colaboracion-2\\\/\",\"url\":\"https:\\\/\\\/www.unaq.edu.mx\\\/noticias\\\/unaq-y-general-electric-firman-convenio-de-colaboracion-2\\\/\",\"name\":\"UNAQ y General Electric firman convenio de colaboraci\u00f3n - UNAQ - Universidad Aeron&aacute;utica en Quer&eacute;taro\",\"isPartOf\":{\"@id\":\"https:\\\/\\\/www.unaq.edu.mx\\\/#website\"},\"primaryImageOfPage\":{\"@id\":\"https:\\\/\\\/www.unaq.edu.mx\\\/noticias\\\/unaq-y-general-electric-firman-convenio-de-colaboracion-2\\\/#primaryimage\"},\"image\":{\"@id\":\"https:\\\/\\\/www.unaq.edu.mx\\\/noticias\\\/unaq-y-general-electric-firman-convenio-de-colaboracion-2\\\/#primaryimage\"},\"thumbnailUrl\":\"\",\"datePublished\":\"2017-02-14T14:01:38+00:00\",\"breadcrumb\":{\"@id\":\"https:\\\/\\\/www.unaq.edu.mx\\\/noticias\\\/unaq-y-general-electric-firman-convenio-de-colaboracion-2\\\/#breadcrumb\"},\"inLanguage\":\"en-US\",\"potentialAction\":[{\"@type\":\"ReadAction\",\"target\":[\"https:\\\/\\\/www.unaq.edu.mx\\\/noticias\\\/unaq-y-general-electric-firman-convenio-de-colaboracion-2\\\/\"]}]},{\"@type\":\"ImageObject\",\"inLanguage\":\"en-US\",\"@id\":\"https:\\\/\\\/www.unaq.edu.mx\\\/noticias\\\/unaq-y-general-electric-firman-convenio-de-colaboracion-2\\\/#primaryimage\",\"url\":\"\",\"contentUrl\":\"\"},{\"@type\":\"BreadcrumbList\",\"@id\":\"https:\\\/\\\/www.unaq.edu.mx\\\/noticias\\\/unaq-y-general-electric-firman-convenio-de-colaboracion-2\\\/#breadcrumb\",\"itemListElement\":[{\"@type\":\"ListItem\",\"position\":1,\"name\":\"Portada\",\"item\":\"https:\\\/\\\/www.unaq.edu.mx\\\/\"},{\"@type\":\"ListItem\",\"position\":2,\"name\":\"UNAQ y General Electric firman convenio de colaboraci\u00f3n\"}]},{\"@type\":\"WebSite\",\"@id\":\"https:\\\/\\\/www.unaq.edu.mx\\\/#website\",\"url\":\"https:\\\/\\\/www.unaq.edu.mx\\\/\",\"name\":\"UNAQ - Universidad Aeron\u00e1utica en Quer\u00e9taro\",\"description\":\"Formamos profesionales e investigadores para el sector aeron&aacute;utico, con valores, conocimientos, competencias y reconocimiento nacional e internacional, basado en un modelo educativo abierto, flexible, pertinente y estrechamente vinculado, para el desarrollo social, econ&oacute;mico y cultural de M&eacute;xico.\",\"publisher\":{\"@id\":\"https:\\\/\\\/www.unaq.edu.mx\\\/#organization\"},\"potentialAction\":[{\"@type\":\"SearchAction\",\"target\":{\"@type\":\"EntryPoint\",\"urlTemplate\":\"https:\\\/\\\/www.unaq.edu.mx\\\/?s={search_term_string}\"},\"query-input\":{\"@type\":\"PropertyValueSpecification\",\"valueRequired\":true,\"valueName\":\"search_term_string\"}}],\"inLanguage\":\"en-US\"},{\"@type\":\"Organization\",\"@id\":\"https:\\\/\\\/www.unaq.edu.mx\\\/#organization\",\"name\":\"Universidad Aeron\u00e1utica en Quer\u00e9taro\",\"url\":\"https:\\\/\\\/www.unaq.edu.mx\\\/\",\"logo\":{\"@type\":\"ImageObject\",\"inLanguage\":\"en-US\",\"@id\":\"https:\\\/\\\/www.unaq.edu.mx\\\/#\\\/schema\\\/logo\\\/image\\\/\",\"url\":\"https:\\\/\\\/www.unaq.edu.mx\\\/wp-content\\\/uploads\\\/2022\\\/04\\\/Logo_UNAQ.png\",\"contentUrl\":\"https:\\\/\\\/www.unaq.edu.mx\\\/wp-content\\\/uploads\\\/2022\\\/04\\\/Logo_UNAQ.png\",\"width\":648,\"height\":284,\"caption\":\"Universidad Aeron\u00e1utica en Quer\u00e9taro\"},\"image\":{\"@id\":\"https:\\\/\\\/www.unaq.edu.mx\\\/#\\\/schema\\\/logo\\\/image\\\/\"},\"sameAs\":[\"https:\\\/\\\/www.facebook.com\\\/UNAQMX\\\/\",\"https:\\\/\\\/x.com\\\/UNAQmx\",\"https:\\\/\\\/www.linkedin.com\\\/company\\\/unaq\",\"https:\\\/\\\/www.youtube.com\\\/user\\\/UNAQMX\"]},{\"@type\":\"Person\",\"@id\":\"https:\\\/\\\/www.unaq.edu.mx\\\/#\\\/schema\\\/person\\\/24f098aa1760e7c165d176625485f080\",\"name\":\"admin\",\"sameAs\":[\"https:\\\/\\\/www.unaq.edu.mx\"],\"url\":\"https:\\\/\\\/www.unaq.edu.mx\\\/en\\\/author\\\/admin\\\/\"}]}<\/script>\n<!-- \/ Yoast SEO plugin. -->","yoast_head_json":{"title":"UNAQ y General Electric firman convenio de colaboraci\u00f3n - UNAQ - Universidad Aeron&aacute;utica en Quer&eacute;taro","robots":{"index":"index","follow":"follow","max-snippet":"max-snippet:-1","max-image-preview":"max-image-preview:large","max-video-preview":"max-video-preview:-1"},"canonical":"https:\/\/www.unaq.edu.mx\/en\/noticias\/unaq-y-general-electric-firman-convenio-de-colaboracion-2\/","og_locale":"en_US","og_type":"article","og_title":"UNAQ y General Electric firman convenio de colaboraci\u00f3n - UNAQ - Universidad Aeron&aacute;utica en Quer&eacute;taro","og_description":"La Universidad Aeron\u00e1utica en Quer\u00e9taro \u2013UNAQ- firm\u00f3 un convenio de colaboraci\u00f3n con la empresa General Electric Company \u2013GE-, con el objetivo de realizar cursos de capacitaci\u00f3n, diplomados, ingreso a programas de posgrado y proyectos tecnol\u00f3gicos. En el marco de la reuni\u00f3n que se realiz\u00f3 en la UNAQ, el Ing. Jorge Guti\u00e9rrez de Velasco Rodr\u00edguez, rector [&hellip;]","og_url":"https:\/\/www.unaq.edu.mx\/en\/noticias\/unaq-y-general-electric-firman-convenio-de-colaboracion-2\/","og_site_name":"UNAQ - Universidad Aeron&aacute;utica en Quer&eacute;taro","article_publisher":"https:\/\/www.facebook.com\/UNAQMX\/","article_published_time":"2017-02-14T14:01:38+00:00","author":"admin","twitter_card":"summary_large_image","twitter_creator":"@UNAQmx","twitter_site":"@UNAQmx","twitter_misc":{"Written by":"admin","Est. reading time":"2 minutes"},"schema":{"@context":"https:\/\/schema.org","@graph":[{"@type":"Article","@id":"https:\/\/www.unaq.edu.mx\/noticias\/unaq-y-general-electric-firman-convenio-de-colaboracion-2\/#article","isPartOf":{"@id":"https:\/\/www.unaq.edu.mx\/noticias\/unaq-y-general-electric-firman-convenio-de-colaboracion-2\/"},"author":{"name":"admin","@id":"https:\/\/www.unaq.edu.mx\/#\/schema\/person\/24f098aa1760e7c165d176625485f080"},"headline":"UNAQ y General Electric firman convenio de colaboraci\u00f3n","datePublished":"2017-02-14T14:01:38+00:00","mainEntityOfPage":{"@id":"https:\/\/www.unaq.edu.mx\/noticias\/unaq-y-general-electric-firman-convenio-de-colaboracion-2\/"},"wordCount":363,"publisher":{"@id":"https:\/\/www.unaq.edu.mx\/#organization"},"image":{"@id":"https:\/\/www.unaq.edu.mx\/noticias\/unaq-y-general-electric-firman-convenio-de-colaboracion-2\/#primaryimage"},"thumbnailUrl":"","articleSection":["Noticias"],"inLanguage":"en-US"},{"@type":"WebPage","@id":"https:\/\/www.unaq.edu.mx\/noticias\/unaq-y-general-electric-firman-convenio-de-colaboracion-2\/","url":"https:\/\/www.unaq.edu.mx\/noticias\/unaq-y-general-electric-firman-convenio-de-colaboracion-2\/","name":"UNAQ y General Electric firman convenio de colaboraci\u00f3n - UNAQ - Universidad Aeron&aacute;utica en Quer&eacute;taro","isPartOf":{"@id":"https:\/\/www.unaq.edu.mx\/#website"},"primaryImageOfPage":{"@id":"https:\/\/www.unaq.edu.mx\/noticias\/unaq-y-general-electric-firman-convenio-de-colaboracion-2\/#primaryimage"},"image":{"@id":"https:\/\/www.unaq.edu.mx\/noticias\/unaq-y-general-electric-firman-convenio-de-colaboracion-2\/#primaryimage"},"thumbnailUrl":"","datePublished":"2017-02-14T14:01:38+00:00","breadcrumb":{"@id":"https:\/\/www.unaq.edu.mx\/noticias\/unaq-y-general-electric-firman-convenio-de-colaboracion-2\/#breadcrumb"},"inLanguage":"en-US","potentialAction":[{"@type":"ReadAction","target":["https:\/\/www.unaq.edu.mx\/noticias\/unaq-y-general-electric-firman-convenio-de-colaboracion-2\/"]}]},{"@type":"ImageObject","inLanguage":"en-US","@id":"https:\/\/www.unaq.edu.mx\/noticias\/unaq-y-general-electric-firman-convenio-de-colaboracion-2\/#primaryimage","url":"","contentUrl":""},{"@type":"BreadcrumbList","@id":"https:\/\/www.unaq.edu.mx\/noticias\/unaq-y-general-electric-firman-convenio-de-colaboracion-2\/#breadcrumb","itemListElement":[{"@type":"ListItem","position":1,"name":"Portada","item":"https:\/\/www.unaq.edu.mx\/"},{"@type":"ListItem","position":2,"name":"UNAQ y General Electric firman convenio de colaboraci\u00f3n"}]},{"@type":"WebSite","@id":"https:\/\/www.unaq.edu.mx\/#website","url":"https:\/\/www.unaq.edu.mx\/","name":"UNAQ - Universidad Aeron\u00e1utica en Quer\u00e9taro","description":"Formamos profesionales e investigadores para el sector aeron&aacute;utico, con valores, conocimientos, competencias y reconocimiento nacional e internacional, basado en un modelo educativo abierto, flexible, pertinente y estrechamente vinculado, para el desarrollo social, econ&oacute;mico y cultural de M&eacute;xico.","publisher":{"@id":"https:\/\/www.unaq.edu.mx\/#organization"},"potentialAction":[{"@type":"SearchAction","target":{"@type":"EntryPoint","urlTemplate":"https:\/\/www.unaq.edu.mx\/?s={search_term_string}"},"query-input":{"@type":"PropertyValueSpecification","valueRequired":true,"valueName":"search_term_string"}}],"inLanguage":"en-US"},{"@type":"Organization","@id":"https:\/\/www.unaq.edu.mx\/#organization","name":"Universidad Aeron\u00e1utica en Quer\u00e9taro","url":"https:\/\/www.unaq.edu.mx\/","logo":{"@type":"ImageObject","inLanguage":"en-US","@id":"https:\/\/www.unaq.edu.mx\/#\/schema\/logo\/image\/","url":"https:\/\/www.unaq.edu.mx\/wp-content\/uploads\/2022\/04\/Logo_UNAQ.png","contentUrl":"https:\/\/www.unaq.edu.mx\/wp-content\/uploads\/2022\/04\/Logo_UNAQ.png","width":648,"height":284,"caption":"Universidad Aeron\u00e1utica en Quer\u00e9taro"},"image":{"@id":"https:\/\/www.unaq.edu.mx\/#\/schema\/logo\/image\/"},"sameAs":["https:\/\/www.facebook.com\/UNAQMX\/","https:\/\/x.com\/UNAQmx","https:\/\/www.linkedin.com\/company\/unaq","https:\/\/www.youtube.com\/user\/UNAQMX"]},{"@type":"Person","@id":"https:\/\/www.unaq.edu.mx\/#\/schema\/person\/24f098aa1760e7c165d176625485f080","name":"admin","sameAs":["https:\/\/www.unaq.edu.mx"],"url":"https:\/\/www.unaq.edu.mx\/en\/author\/admin\/"}]}},"_links":{"self":[{"href":"https:\/\/www.unaq.edu.mx\/en\/wp-json\/wp\/v2\/posts\/10533","targetHints":{"allow":["GET"]}}],"collection":[{"href":"https:\/\/www.unaq.edu.mx\/en\/wp-json\/wp\/v2\/posts"}],"about":[{"href":"https:\/\/www.unaq.edu.mx\/en\/wp-json\/wp\/v2\/types\/post"}],"author":[{"embeddable":true,"href":"https:\/\/www.unaq.edu.mx\/en\/wp-json\/wp\/v2\/users\/1"}],"replies":[{"embeddable":true,"href":"https:\/\/www.unaq.edu.mx\/en\/wp-json\/wp\/v2\/comments?post=10533"}],"version-history":[{"count":0,"href":"https:\/\/www.unaq.edu.mx\/en\/wp-json\/wp\/v2\/posts\/10533\/revisions"}],"wp:attachment":[{"href":"https:\/\/www.unaq.edu.mx\/en\/wp-json\/wp\/v2\/media?parent=10533"}],"wp:term":[{"taxonomy":"category","embeddable":true,"href":"https:\/\/www.unaq.edu.mx\/en\/wp-json\/wp\/v2\/categories?post=10533"},{"taxonomy":"post_tag","embeddable":true,"href":"https:\/\/www.unaq.edu.mx\/en\/wp-json\/wp\/v2\/tags?post=10533"}],"curies":[{"name":"wp","href":"https:\/\/api.w.org\/{rel}","templated":true}]}}